{"id":2905,"date":"2026-05-01T15:07:27","date_gmt":"2026-05-01T14:07:27","guid":{"rendered":"https:\/\/libros.canals.de\/?p=2905"},"modified":"2026-05-01T15:11:04","modified_gmt":"2026-05-01T14:11:04","slug":"el-viento-conoce-mi-nombre-isabel-allende","status":"publish","type":"post","link":"https:\/\/libros.canals.de\/?p=2905","title":{"rendered":"El viento conoce mi nombre, Isabel Allende"},"content":{"rendered":"<p><a href=\"http:\/\/libros.canals.de\/wp-content\/uploads\/2026\/05\/libro-1681729675.webp\"><img loading=\"lazy\" src=\"http:\/\/libros.canals.de\/wp-content\/uploads\/2026\/05\/libro-1681729675-196x300.webp\" alt=\"\" width=\"98\" height=\"150\" class=\"alignnone size-medium wp-image-2904\" srcset=\"https:\/\/libros.canals.de\/wp-content\/uploads\/2026\/05\/libro-1681729675-196x300.webp 196w, https:\/\/libros.canals.de\/wp-content\/uploads\/2026\/05\/libro-1681729675.webp 400w\" sizes=\"(max-width: 98px) 100vw, 98px\" \/><\/a><br \/>\nEsta novela de Isabel Allende condena los femicidios y la impunidad de muchos de sus autores, as\u00ed como la pol\u00edtica de inmigraci\u00f3n en los Estados Unidos durante la pandemia, en especial la separaci\u00f3n de los hijos de sus padres. Para apoyar su postura con argumentos irrebatibles, la autora procede a una exposici\u00f3n en paralelo de dos historias, separadas casi ocho d\u00e9cadas. Por un lado, Samuel Adler, jud\u00edo vien\u00e9s de cinco anos y violinista precoz, que despu\u00e9s de la noche de los cristales rotos se acoge a un cupo de j\u00f3venes acogidos en Inglaterra, en donde finalmente es atendido por una familia de cu\u00e1queros. Por el otro Anita, una nina casi ciega de ocho anos, original de El Salvador, separada de su madre Marisol al intentar cruzar la frontera y llegar a los Estados Unidos. Selena Dur\u00e1n, una joven trabajadora social, se encarga de tramitar su caso y de intentar localizar a su madre.<br \/>\nEl libro, formado por cap\u00edtulos breves protagonizados por diferentes personas, ahonda en muchos de los problemas que azotan Am\u00e9rica del Norte y Central, como la violencia impune contra mujeres, las maras criminales, la corrupci\u00f3n y, como reconoce Samuel hacia el final del libro, la indiferencia, uno de los pecados capitales seg\u00fan Letizia, otra de las protagonistas.<br \/>\nEl libro est\u00e1 muy bien escrito y vale la pena leerlo.<\/p>\n","protected":false},"excerpt":{"rendered":"<p>Esta novela de Isabel Allende condena los femicidios y la impunidad de muchos de sus autores, as\u00ed como la pol\u00edtica de inmigraci\u00f3n en los Estados Unidos durante la pandemia, en especial la separaci\u00f3n de los hijos de sus padres. Para &hellip; <a href=\"https:\/\/libros.canals.de\/?p=2905\">Sigue leyendo <span class=\"meta-nav\">&rarr;<\/span><\/a><\/p>\n","protected":false},"author":2,"featured_media":0,"comment_status":"open","ping_status":"closed","sticky":false,"template":"","format":"standard","meta":[],"categories":[3],"tags":[55],"_links":{"self":[{"href":"https:\/\/libros.canals.de\/index.php?rest_route=\/wp\/v2\/posts\/2905"}],"collection":[{"href":"https:\/\/libros.canals.de\/index.php?rest_route=\/wp\/v2\/posts"}],"about":[{"href":"https:\/\/libros.canals.de\/index.php?rest_route=\/wp\/v2\/types\/post"}],"author":[{"embeddable":true,"href":"https:\/\/libros.canals.de\/index.php?rest_route=\/wp\/v2\/users\/2"}],"replies":[{"embeddable":true,"href":"https:\/\/libros.canals.de\/index.php?rest_route=%2Fwp%2Fv2%2Fcomments&post=2905"}],"version-history":[{"count":0,"href":"https:\/\/libros.canals.de\/index.php?rest_route=\/wp\/v2\/posts\/2905\/revisions"}],"wp:attachment":[{"href":"https:\/\/libros.canals.de\/index.php?rest_route=%2Fwp%2Fv2%2Fmedia&parent=2905"}],"wp:term":[{"taxonomy":"category","embeddable":true,"href":"https:\/\/libros.canals.de\/index.php?rest_route=%2Fwp%2Fv2%2Fcategories&post=2905"},{"taxonomy":"post_tag","embeddable":true,"href":"https:\/\/libros.canals.de\/index.php?rest_route=%2Fwp%2Fv2%2Ftags&post=2905"}],"curies":[{"name":"wp","href":"https:\/\/api.w.org\/{rel}","templated":true}]}}