{"id":197,"date":"2012-08-24T08:29:43","date_gmt":"2012-08-24T07:29:43","guid":{"rendered":"http:\/\/libros.canals.de\/?p=197"},"modified":"2012-08-24T08:30:12","modified_gmt":"2012-08-24T07:30:12","slug":"el-temor-de-un-hombre-sabio-patrick-rothfuss","status":"publish","type":"post","link":"https:\/\/libros.canals.de\/?p=197","title":{"rendered":"El temor de un hombre sabio, Patrick Rothfuss"},"content":{"rendered":"<p>Segunda entrega de la trilog\u00eda anunciada por Rothfuss. El protagonista Kvothe, alias Kote en su refugio como posadero, contin\u00faa su relato al Cronista mientras en la Roca de Gu\u00eda suceden hechos intranquilizantes.<\/p>\n<p>La narraci\u00f3n del pasado lleva a Kvothe fuera de la Universidad, a la corte del maer Alveron, en busca de un mecenas. Una serie de enredos conduce al joven arcanista a una expedici\u00f3n en b\u00fasqueda de salteadores. Aqu\u00ed entra en contacto con dos nuevos mundos, el fabuloso de los Fata, magos que interfieren tangencialmente en la vida de los hombres, y con el de los legendarios mercenarios Adem, con sus ritos marciales y su extra\u00f1a filosof\u00eda.<\/p>\n<p>En definitiva, m\u00e1s de lo mismo. El autor mantiene la narraci\u00f3n con maestr\u00eda, aunque se exceda algo en el aprendizaje de Kvothe en la tierra de los Adem, y va incorporando nuevos elementos y conocimientos. Ahora hay que esperar al tercer tomo para cerrar el ciclo.<\/p>\n","protected":false},"excerpt":{"rendered":"<p>Segunda entrega de la trilog\u00eda anunciada por Rothfuss. El protagonista Kvothe, alias Kote en su refugio como posadero, contin\u00faa su relato al Cronista mientras en la Roca de Gu\u00eda suceden hechos intranquilizantes. La narraci\u00f3n del pasado lleva a Kvothe fuera &hellip; <a href=\"https:\/\/libros.canals.de\/?p=197\">Sigue leyendo <span class=\"meta-nav\">&rarr;<\/span><\/a><\/p>\n","protected":false},"author":2,"featured_media":0,"comment_status":"open","ping_status":"open","sticky":false,"template":"","format":"standard","meta":[],"categories":[3],"tags":[27],"_links":{"self":[{"href":"https:\/\/libros.canals.de\/index.php?rest_route=\/wp\/v2\/posts\/197"}],"collection":[{"href":"https:\/\/libros.canals.de\/index.php?rest_route=\/wp\/v2\/posts"}],"about":[{"href":"https:\/\/libros.canals.de\/index.php?rest_route=\/wp\/v2\/types\/post"}],"author":[{"embeddable":true,"href":"https:\/\/libros.canals.de\/index.php?rest_route=\/wp\/v2\/users\/2"}],"replies":[{"embeddable":true,"href":"https:\/\/libros.canals.de\/index.php?rest_route=%2Fwp%2Fv2%2Fcomments&post=197"}],"version-history":[{"count":0,"href":"https:\/\/libros.canals.de\/index.php?rest_route=\/wp\/v2\/posts\/197\/revisions"}],"wp:attachment":[{"href":"https:\/\/libros.canals.de\/index.php?rest_route=%2Fwp%2Fv2%2Fmedia&parent=197"}],"wp:term":[{"taxonomy":"category","embeddable":true,"href":"https:\/\/libros.canals.de\/index.php?rest_route=%2Fwp%2Fv2%2Fcategories&post=197"},{"taxonomy":"post_tag","embeddable":true,"href":"https:\/\/libros.canals.de\/index.php?rest_route=%2Fwp%2Fv2%2Ftags&post=197"}],"curies":[{"name":"wp","href":"https:\/\/api.w.org\/{rel}","templated":true}]}}