{"id":785,"date":"2018-02-22T09:48:01","date_gmt":"2018-02-22T08:48:01","guid":{"rendered":"http:\/\/libros.canals.de\/?p=785"},"modified":"2018-02-23T12:43:30","modified_gmt":"2018-02-23T11:43:30","slug":"estos-anos-barbaros-joaquin-estefania","status":"publish","type":"post","link":"http:\/\/libros.canals.de\/?p=785","title":{"rendered":"Estos a\u00f1os b\u00e1rbaros, Joaqu\u00edn Estefan\u00eda"},"content":{"rendered":"<p>Solamente dos veces he encontrado un libro en el que el autor expusiera, punto por punto, exactamente mis opiniones sobre algo: en el Diario de 360\u00b0 de Juan Goytisolo me encontr\u00e9 sin pretenderlo con mis opiniones sobre la novela y la literatura actuales; y en el presente libro he le\u00eddo, negro sobre blanco, mi opini\u00f3n sobre la crisis econ\u00f3mica que seguimos padeciendo. Nunca he cre\u00eddo que los ciudadanos de a pie fu\u00e9ramos los culpables de la crisis, a pesar de ese \u00abmantra\u00bb de que \u00abhemos vivido por encima de nuestras posibilidades\u00bb. Tampoco he cre\u00eddo que, ahora, el que no sabe salir es por su culpa, como quieren hacernos creer con el \u00abpensamiento positivo\u00bb. Y no hace falta a\u00f1adir que tampoco me creo en absoluto que \u00e9sta sea la \u00abeconom\u00eda liberal\u00bb que predica la derecha pol\u00edtica: esta econom\u00eda liberal ha socializado todas las p\u00e9rdidas.<br \/>\nAdem\u00e1s, Joaqu\u00edn Estefan\u00eda explora nuevas categor\u00edas como el precariado, analiza el papel de las redes sociales en la crisis, constata el desencanto que produce ver c\u00f3mo lo conseguido no era para siempre&#8230; Pero no es un libro para el desencanto; el autor no se deja enga\u00f1ar por la ret\u00f3rica de los que culpabilizan a las v\u00edctimas y pretenden que el futuro s\u00f3lo tiene una direcci\u00f3n. Tambi\u00e9n coincido con Joaqu\u00edn Estefan\u00eda en que el destino lo hacemos nosotros.<\/p>\n","protected":false},"excerpt":{"rendered":"<p>Solamente dos veces he encontrado un libro en el que el autor expusiera, punto por punto, exactamente mis opiniones sobre algo: en el Diario de 360\u00b0 de Juan Goytisolo me encontr\u00e9 sin pretenderlo con mis opiniones sobre la novela y &hellip; <a href=\"http:\/\/libros.canals.de\/?p=785\">Sigue leyendo <span class=\"meta-nav\">&rarr;<\/span><\/a><\/p>\n","protected":false},"author":4,"featured_media":0,"comment_status":"open","ping_status":"closed","sticky":false,"template":"","format":"standard","meta":[],"categories":[1],"tags":[161],"_links":{"self":[{"href":"http:\/\/libros.canals.de\/index.php?rest_route=\/wp\/v2\/posts\/785"}],"collection":[{"href":"http:\/\/libros.canals.de\/index.php?rest_route=\/wp\/v2\/posts"}],"about":[{"href":"http:\/\/libros.canals.de\/index.php?rest_route=\/wp\/v2\/types\/post"}],"author":[{"embeddable":true,"href":"http:\/\/libros.canals.de\/index.php?rest_route=\/wp\/v2\/users\/4"}],"replies":[{"embeddable":true,"href":"http:\/\/libros.canals.de\/index.php?rest_route=%2Fwp%2Fv2%2Fcomments&post=785"}],"version-history":[{"count":0,"href":"http:\/\/libros.canals.de\/index.php?rest_route=\/wp\/v2\/posts\/785\/revisions"}],"wp:attachment":[{"href":"http:\/\/libros.canals.de\/index.php?rest_route=%2Fwp%2Fv2%2Fmedia&parent=785"}],"wp:term":[{"taxonomy":"category","embeddable":true,"href":"http:\/\/libros.canals.de\/index.php?rest_route=%2Fwp%2Fv2%2Fcategories&post=785"},{"taxonomy":"post_tag","embeddable":true,"href":"http:\/\/libros.canals.de\/index.php?rest_route=%2Fwp%2Fv2%2Ftags&post=785"}],"curies":[{"name":"wp","href":"https:\/\/api.w.org\/{rel}","templated":true}]}}