{"id":767,"date":"2018-01-26T13:25:01","date_gmt":"2018-01-26T12:25:01","guid":{"rendered":"http:\/\/libros.canals.de\/?p=767"},"modified":"2018-01-26T13:26:20","modified_gmt":"2018-01-26T12:26:20","slug":"la-hora-de-despertarnos-juntos-kirmen-uribe","status":"publish","type":"post","link":"http:\/\/libros.canals.de\/?p=767","title":{"rendered":"La hora de despertarnos juntos, Kirmen Uribe"},"content":{"rendered":"<p>Novela-documental o historia novelada en torno a la familia Letamendi Urresti, que se vio involucrada en la lucha clandestina del pueblo vasco contra la dictadura de Franco hasta los primeros a\u00f1os de la transici\u00f3n. Txomin Letamendi, m\u00fasico vasco, tiene que huir de su patria a Francia huyendo de las tropas nacionales, y comienza a trabajar en los incipientes servicios secretos vascos. De Francia, en donde conoce a la que ser\u00eda su mujer, Karmele Urresti, se desplaza a Argentina, para volver a continuaci\u00f3n a Espa\u00f1a por encargo del lendakari Jos\u00e9 Antonio Agirre. Detenido por conservar en su poder documentos comprometedores, pasa sus \u00faltimos a\u00f1os en la c\u00e1rcel de Carabanchel.<br \/>\nLa novela relata la vida de los miembros de esta familia, incluyendo a los abuelos, y nos lleva a lo largo de los a\u00f1os de la resistencia y el exilio, incluyendo el nacimiento de ETA y sus luchas internas. Kirmen Uribe es un gran narrador, como ha demostrado ya en otras obras. Esta obra es interesante para conocer de primera mano el ambiente de los exiliados vascos en Francia y en Sudam\u00e9rica.<\/p>\n","protected":false},"excerpt":{"rendered":"<p>Novela-documental o historia novelada en torno a la familia Letamendi Urresti, que se vio involucrada en la lucha clandestina del pueblo vasco contra la dictadura de Franco hasta los primeros a\u00f1os de la transici\u00f3n. Txomin Letamendi, m\u00fasico vasco, tiene que &hellip; <a href=\"http:\/\/libros.canals.de\/?p=767\">Sigue leyendo <span class=\"meta-nav\">&rarr;<\/span><\/a><\/p>\n","protected":false},"author":2,"featured_media":0,"comment_status":"open","ping_status":"closed","sticky":false,"template":"","format":"standard","meta":[],"categories":[51,3],"tags":[86],"_links":{"self":[{"href":"http:\/\/libros.canals.de\/index.php?rest_route=\/wp\/v2\/posts\/767"}],"collection":[{"href":"http:\/\/libros.canals.de\/index.php?rest_route=\/wp\/v2\/posts"}],"about":[{"href":"http:\/\/libros.canals.de\/index.php?rest_route=\/wp\/v2\/types\/post"}],"author":[{"embeddable":true,"href":"http:\/\/libros.canals.de\/index.php?rest_route=\/wp\/v2\/users\/2"}],"replies":[{"embeddable":true,"href":"http:\/\/libros.canals.de\/index.php?rest_route=%2Fwp%2Fv2%2Fcomments&post=767"}],"version-history":[{"count":0,"href":"http:\/\/libros.canals.de\/index.php?rest_route=\/wp\/v2\/posts\/767\/revisions"}],"wp:attachment":[{"href":"http:\/\/libros.canals.de\/index.php?rest_route=%2Fwp%2Fv2%2Fmedia&parent=767"}],"wp:term":[{"taxonomy":"category","embeddable":true,"href":"http:\/\/libros.canals.de\/index.php?rest_route=%2Fwp%2Fv2%2Fcategories&post=767"},{"taxonomy":"post_tag","embeddable":true,"href":"http:\/\/libros.canals.de\/index.php?rest_route=%2Fwp%2Fv2%2Ftags&post=767"}],"curies":[{"name":"wp","href":"https:\/\/api.w.org\/{rel}","templated":true}]}}