{"id":741,"date":"2017-11-07T09:28:59","date_gmt":"2017-11-07T08:28:59","guid":{"rendered":"http:\/\/libros.canals.de\/?p=741"},"modified":"2017-11-07T09:47:22","modified_gmt":"2017-11-07T08:47:22","slug":"el-eco-de-los-disparos-edurne-portela","status":"publish","type":"post","link":"http:\/\/libros.canals.de\/?p=741","title":{"rendered":"El eco de los disparos, Edurne Portela"},"content":{"rendered":"<p>Antes de comenzar a escribir narrativa, Edurne Portela ha desarrollado una trayectoria profesional universitaria en los Estados Unidos. Este libro no es una novela, aunque contenga algunos elementos de narrativa autobiogr\u00e1fica, sino un estudio sociol\u00f3gico sobre el proceso de normalizaci\u00f3n de la sociedad vasca (y en parte tambi\u00e9n la espa\u00f1ola) despu\u00e9s de que ETA renunciara a la lucha armada.<br \/>\nUn tema nada f\u00e1cil, que Portela afronta por dos v\u00edas: una te\u00f3rica y otra medi\u00e1tica, recogiendo ejemplos significativos de la literatura, la fotograf\u00eda y el cine actuales.<br \/>\nEl \u00absilencio c\u00f3mplice\u00bb, la \u00abequidistancia\u00bb o la dificultad para ver una situaci\u00f3n con los ojos del otro son algunos de los temas y t\u00e9rminos recurrentes en sus consideraciones. Debe mencionarse que, en cierto sentido, es una visi\u00f3n desde \u00abdentro\u00bb (Portela fue testigo directo de atentados, y vivi\u00f3 en su propia familia todos los sobreentendidos y las pautas t\u00e1citas de las \u00faltimas d\u00e9cadas de la lucha, incluyendo las \u00abprecisiones\u00bb terminol\u00f3gicas, pero madurada a muchos miles de kil\u00f3metros de Euskadi. Es llamativo que Portela considere necesario justificarse y reivindicar su derecho a exponer postura, en la que no esconde su condena de la violencia de ETA y de los conocidos excesos de los \u00f3rganos estatales, incluyendo los GAL.<br \/>\nPara m\u00ed, este libro ha supuesto el descubrimiento de algunos autores y algunos cineastas actuales que afrontan este tema desde enfoques muy distintos, incluyendo la v\u00eda \u00abjocosa\u00bb de Ocho apellidos vascos o Fe de etarras, pero tambi\u00e9n esbozos m\u00e1s serios como Negociador, Tiro en la cabeza o Asier ETA biok. Portela analiza especialmente la reacci\u00f3n de los medios, de los partidos y de las asociaciones de v\u00edctimas ante estos intentos de plasmar en arte este cap\u00edtulo nefasto de la historia.<br \/>\nMe parece una lectura muy interesante por las perspectivas que aporta.<\/p>\n","protected":false},"excerpt":{"rendered":"<p>Antes de comenzar a escribir narrativa, Edurne Portela ha desarrollado una trayectoria profesional universitaria en los Estados Unidos. Este libro no es una novela, aunque contenga algunos elementos de narrativa autobiogr\u00e1fica, sino un estudio sociol\u00f3gico sobre el proceso de normalizaci\u00f3n &hellip; <a href=\"http:\/\/libros.canals.de\/?p=741\">Sigue leyendo <span class=\"meta-nav\">&rarr;<\/span><\/a><\/p>\n","protected":false},"author":2,"featured_media":0,"comment_status":"open","ping_status":"closed","sticky":false,"template":"","format":"standard","meta":[],"categories":[1,51],"tags":[156],"_links":{"self":[{"href":"http:\/\/libros.canals.de\/index.php?rest_route=\/wp\/v2\/posts\/741"}],"collection":[{"href":"http:\/\/libros.canals.de\/index.php?rest_route=\/wp\/v2\/posts"}],"about":[{"href":"http:\/\/libros.canals.de\/index.php?rest_route=\/wp\/v2\/types\/post"}],"author":[{"embeddable":true,"href":"http:\/\/libros.canals.de\/index.php?rest_route=\/wp\/v2\/users\/2"}],"replies":[{"embeddable":true,"href":"http:\/\/libros.canals.de\/index.php?rest_route=%2Fwp%2Fv2%2Fcomments&post=741"}],"version-history":[{"count":0,"href":"http:\/\/libros.canals.de\/index.php?rest_route=\/wp\/v2\/posts\/741\/revisions"}],"wp:attachment":[{"href":"http:\/\/libros.canals.de\/index.php?rest_route=%2Fwp%2Fv2%2Fmedia&parent=741"}],"wp:term":[{"taxonomy":"category","embeddable":true,"href":"http:\/\/libros.canals.de\/index.php?rest_route=%2Fwp%2Fv2%2Fcategories&post=741"},{"taxonomy":"post_tag","embeddable":true,"href":"http:\/\/libros.canals.de\/index.php?rest_route=%2Fwp%2Fv2%2Ftags&post=741"}],"curies":[{"name":"wp","href":"https:\/\/api.w.org\/{rel}","templated":true}]}}