{"id":611,"date":"2016-03-29T11:53:41","date_gmt":"2016-03-29T10:53:41","guid":{"rendered":"http:\/\/libros.canals.de\/?p=611"},"modified":"2016-03-29T12:00:18","modified_gmt":"2016-03-29T11:00:18","slug":"la-vispera-de-casi-todo-victor-del-arbol","status":"publish","type":"post","link":"http:\/\/libros.canals.de\/?p=611","title":{"rendered":"La v\u00edspera de casi todo, V\u00edctor del \u00c1rbol"},"content":{"rendered":"<p>Comenc\u00e9 a leer este libro llevado por la experiencia positiva de obras anteriores de V\u00edctor del \u00c1rbol y por el reclamo del Premio Nadal. No me ha gustado. La narraci\u00f3n es muy confusa. Los saltos en el tiempo no crean tensi\u00f3n, sino todo lo contrario. Los personajes son poco cre\u00edbles. Las situaciones personales de los protagonistas son demasiado extremas. Y hasta el nombre alem\u00e1n est\u00e1 mal escrito. Malher es un apellido franc\u00e9s, no alem\u00e1n (Mahler). Adem\u00e1s, en la supuesta f\u00e1brica de Mercedes en Dusseldorf nunca se han producido turismos, s\u00f3lo furgonetas, y mucho m\u00e1s tarde.<br \/>\nM\u00e9zclese un polic\u00eda con remordimientos, una misteriosa mujer que se refugia en una peque\u00f1a pensi\u00f3n gallega, un anciano argentino exiliado con un pasado tortuoso y una hotelera portuguesa en un paraje solitario junto al mar. En un d\u00eda y una noche se aceleran los acontecimientos en torno a personajes acosados por el destino, por los recuerdos, por los remordimientos y por la locura. En fin, esperemos que el autor vuelva a su narrativa anterior.<\/p>\n","protected":false},"excerpt":{"rendered":"<p>Comenc\u00e9 a leer este libro llevado por la experiencia positiva de obras anteriores de V\u00edctor del \u00c1rbol y por el reclamo del Premio Nadal. No me ha gustado. La narraci\u00f3n es muy confusa. Los saltos en el tiempo no crean &hellip; <a href=\"http:\/\/libros.canals.de\/?p=611\">Sigue leyendo <span class=\"meta-nav\">&rarr;<\/span><\/a><\/p>\n","protected":false},"author":2,"featured_media":0,"comment_status":"open","ping_status":"closed","sticky":false,"template":"","format":"standard","meta":[],"categories":[3],"tags":[121],"_links":{"self":[{"href":"http:\/\/libros.canals.de\/index.php?rest_route=\/wp\/v2\/posts\/611"}],"collection":[{"href":"http:\/\/libros.canals.de\/index.php?rest_route=\/wp\/v2\/posts"}],"about":[{"href":"http:\/\/libros.canals.de\/index.php?rest_route=\/wp\/v2\/types\/post"}],"author":[{"embeddable":true,"href":"http:\/\/libros.canals.de\/index.php?rest_route=\/wp\/v2\/users\/2"}],"replies":[{"embeddable":true,"href":"http:\/\/libros.canals.de\/index.php?rest_route=%2Fwp%2Fv2%2Fcomments&post=611"}],"version-history":[{"count":0,"href":"http:\/\/libros.canals.de\/index.php?rest_route=\/wp\/v2\/posts\/611\/revisions"}],"wp:attachment":[{"href":"http:\/\/libros.canals.de\/index.php?rest_route=%2Fwp%2Fv2%2Fmedia&parent=611"}],"wp:term":[{"taxonomy":"category","embeddable":true,"href":"http:\/\/libros.canals.de\/index.php?rest_route=%2Fwp%2Fv2%2Fcategories&post=611"},{"taxonomy":"post_tag","embeddable":true,"href":"http:\/\/libros.canals.de\/index.php?rest_route=%2Fwp%2Fv2%2Ftags&post=611"}],"curies":[{"name":"wp","href":"https:\/\/api.w.org\/{rel}","templated":true}]}}