{"id":491,"date":"2015-06-02T17:33:08","date_gmt":"2015-06-02T16:33:08","guid":{"rendered":"http:\/\/libros.canals.de\/?p=491"},"modified":"2015-06-02T17:33:08","modified_gmt":"2015-06-02T16:33:08","slug":"crimenes-que-no-olvidare-alicia-gimenez-bartlett","status":"publish","type":"post","link":"http:\/\/libros.canals.de\/?p=491","title":{"rendered":"Cr\u00edmenes que no olvidar\u00e9, Alicia Gim\u00e9nez Bartlett"},"content":{"rendered":"<p>Colecci\u00f3n de narraciones polic\u00edacas cortas en torno a Petra Delicado, la polic\u00eda nacional creada por esta autora. A diferencia de otras parejas de guardias y otros polic\u00edas que tambi\u00e9n se han puesto de moda, estos relatos son m\u00e1s breves y terminan generalmente con la resoluci\u00f3n del caso o la confesi\u00f3n del culpable.<\/p>\n<p>En esta recopilaci\u00f3n de varios a\u00f1os, la inspectora Delicado relata en primera persona y se muestra como una persona dura, incr\u00e9dula, desenga\u00f1ada y poco asequible. No es un personaje para identificarse con \u00e9l. De todos modos, es agradable de leer.<\/p>\n","protected":false},"excerpt":{"rendered":"<p>Colecci\u00f3n de narraciones polic\u00edacas cortas en torno a Petra Delicado, la polic\u00eda nacional creada por esta autora. A diferencia de otras parejas de guardias y otros polic\u00edas que tambi\u00e9n se han puesto de moda, estos relatos son m\u00e1s breves y &hellip; <a href=\"http:\/\/libros.canals.de\/?p=491\">Sigue leyendo <span class=\"meta-nav\">&rarr;<\/span><\/a><\/p>\n","protected":false},"author":2,"featured_media":0,"comment_status":"open","ping_status":"open","sticky":false,"template":"","format":"standard","meta":[],"categories":[3],"tags":[57],"_links":{"self":[{"href":"http:\/\/libros.canals.de\/index.php?rest_route=\/wp\/v2\/posts\/491"}],"collection":[{"href":"http:\/\/libros.canals.de\/index.php?rest_route=\/wp\/v2\/posts"}],"about":[{"href":"http:\/\/libros.canals.de\/index.php?rest_route=\/wp\/v2\/types\/post"}],"author":[{"embeddable":true,"href":"http:\/\/libros.canals.de\/index.php?rest_route=\/wp\/v2\/users\/2"}],"replies":[{"embeddable":true,"href":"http:\/\/libros.canals.de\/index.php?rest_route=%2Fwp%2Fv2%2Fcomments&post=491"}],"version-history":[{"count":0,"href":"http:\/\/libros.canals.de\/index.php?rest_route=\/wp\/v2\/posts\/491\/revisions"}],"wp:attachment":[{"href":"http:\/\/libros.canals.de\/index.php?rest_route=%2Fwp%2Fv2%2Fmedia&parent=491"}],"wp:term":[{"taxonomy":"category","embeddable":true,"href":"http:\/\/libros.canals.de\/index.php?rest_route=%2Fwp%2Fv2%2Fcategories&post=491"},{"taxonomy":"post_tag","embeddable":true,"href":"http:\/\/libros.canals.de\/index.php?rest_route=%2Fwp%2Fv2%2Ftags&post=491"}],"curies":[{"name":"wp","href":"https:\/\/api.w.org\/{rel}","templated":true}]}}