{"id":355,"date":"2014-05-10T17:36:29","date_gmt":"2014-05-10T16:36:29","guid":{"rendered":"http:\/\/libros.canals.de\/?p=355"},"modified":"2014-05-10T17:36:29","modified_gmt":"2014-05-10T16:36:29","slug":"las-tres-bodas-de-manolita-almudena-grandes","status":"publish","type":"post","link":"http:\/\/libros.canals.de\/?p=355","title":{"rendered":"Las tres bodas de Manolita, Almudena Grandes"},"content":{"rendered":"<p>Tercera entrega de la saga de la postguerra de Almudena Grandes. Esta vez el centro de la trama es Madrid, y varios temas principales: la c\u00e1rcel de Porlier, la redenci\u00f3n de penas mediante el trabajo y la infiltraci\u00f3n de la polic\u00eda y la brigada social en las organizaciones clandestinas. Como en las dos entregas anteriores, Almudena se alarga innecesariamente con ep\u00edlogos que sit\u00faan a estas novelas m\u00e1s en la l\u00ednea de la memoria hist\u00f3rica que en la mera novela.<\/p>\n<p>Manolita, hermana de un militante de la JSU, se ha negado siempre a tomar parte en las actividades pol\u00edticas de To\u00f1ito, su hermano mayor. Al acabar la guerra tiene que hacerse cargo de sus cuatro hermanos, pues su hermano desaparece, su padre es fusilado y su madrastra encarcelada. Consigue que admitan a sus dos hermanas en un internado de Bilbao que, a la postre, resulta ser menos prometedor de lo que se espera. Su hermano, oculto en la trastienda de un tablao flamenco, le propone un arriesgado plan para poder poner en marcha unas m\u00e1quinas de imprenta con fines de propaganda, lo que lleva a Manolita al borde de la detenci\u00f3n.<\/p>\n<p>A diferencia de las dos primeras, esta novela resulta algo confusa y, a mi gusto, sobrecargada con mensajes pol\u00edticos. La imagen blanco\/negro de la guerra y de la postguerra desde la perspectiva de Almudena resulta aqu\u00ed demasiado acentuada. Como suele hacer, se extiende en las biograf\u00edas de los personajes secundarios. Es una pena, pues los personajes principales est\u00e1n bien perfilados y dan para mucho, en especial Silverio y la Palmera, un curioso travest\u00ed que \u00abadopta\u00bb como hermana a una bailaora.<\/p>\n","protected":false},"excerpt":{"rendered":"<p>Tercera entrega de la saga de la postguerra de Almudena Grandes. Esta vez el centro de la trama es Madrid, y varios temas principales: la c\u00e1rcel de Porlier, la redenci\u00f3n de penas mediante el trabajo y la infiltraci\u00f3n de la &hellip; <a href=\"http:\/\/libros.canals.de\/?p=355\">Sigue leyendo <span class=\"meta-nav\">&rarr;<\/span><\/a><\/p>\n","protected":false},"author":1,"featured_media":0,"comment_status":"open","ping_status":"open","sticky":false,"template":"","format":"standard","meta":[],"categories":[3],"tags":[23],"_links":{"self":[{"href":"http:\/\/libros.canals.de\/index.php?rest_route=\/wp\/v2\/posts\/355"}],"collection":[{"href":"http:\/\/libros.canals.de\/index.php?rest_route=\/wp\/v2\/posts"}],"about":[{"href":"http:\/\/libros.canals.de\/index.php?rest_route=\/wp\/v2\/types\/post"}],"author":[{"embeddable":true,"href":"http:\/\/libros.canals.de\/index.php?rest_route=\/wp\/v2\/users\/1"}],"replies":[{"embeddable":true,"href":"http:\/\/libros.canals.de\/index.php?rest_route=%2Fwp%2Fv2%2Fcomments&post=355"}],"version-history":[{"count":0,"href":"http:\/\/libros.canals.de\/index.php?rest_route=\/wp\/v2\/posts\/355\/revisions"}],"wp:attachment":[{"href":"http:\/\/libros.canals.de\/index.php?rest_route=%2Fwp%2Fv2%2Fmedia&parent=355"}],"wp:term":[{"taxonomy":"category","embeddable":true,"href":"http:\/\/libros.canals.de\/index.php?rest_route=%2Fwp%2Fv2%2Fcategories&post=355"},{"taxonomy":"post_tag","embeddable":true,"href":"http:\/\/libros.canals.de\/index.php?rest_route=%2Fwp%2Fv2%2Ftags&post=355"}],"curies":[{"name":"wp","href":"https:\/\/api.w.org\/{rel}","templated":true}]}}