{"id":2609,"date":"2025-12-23T09:44:05","date_gmt":"2025-12-23T08:44:05","guid":{"rendered":"https:\/\/libros.canals.de\/?p=2609"},"modified":"2025-12-23T09:48:12","modified_gmt":"2025-12-23T08:48:12","slug":"el-viaje-de-mi-padre-julio-llamazares","status":"publish","type":"post","link":"http:\/\/libros.canals.de\/?p=2609","title":{"rendered":"El viaje de mi padre, Julio Llamazares"},"content":{"rendered":"<p><a href=\"http:\/\/libros.canals.de\/wp-content\/uploads\/2025\/12\/9788420479279.jpg\"><img loading=\"lazy\" src=\"http:\/\/libros.canals.de\/wp-content\/uploads\/2025\/12\/9788420479279-190x300.jpg\" alt=\"\" width=\"95\" height=\"150\" class=\"alignnone size-medium wp-image-2610\" srcset=\"http:\/\/libros.canals.de\/wp-content\/uploads\/2025\/12\/9788420479279-190x300.jpg 190w, http:\/\/libros.canals.de\/wp-content\/uploads\/2025\/12\/9788420479279.jpg 552w\" sizes=\"(max-width: 95px) 100vw, 95px\" \/><\/a><br \/>\nJunto a sus novelas, generalmente cortas, Julio Llamazares ha escrito varios libros de viajes. He le\u00eddo algunos de ellos, y he podido comprobar que ha desarrollado un estilo propio dentro de este g\u00e9nero literario, de gran raigambre entre los grandes escritores. Cabe mencionar sobre todo <em>Las rosas de piedra<\/em> y su secuela, <em>Las rosas del sur<\/em>, que contienen sus experiencias durante un periplo que le llev\u00f3 a visitar todas las catedrales y concatedrales espa\u00f1olas.<br \/>\nEn <em>El viaje de mi padre<\/em>, Llamazares recorre y describe la ruta que sigui\u00f3 su padre durante la Guerra Civil junto con su mejor amigo. Ambos hab\u00edan fallecido ya en la fecha de aparici\u00f3n del libro. Una dificultad adicional para la escritura era que, como sucedi\u00f3 en muchos casos, los protagonistas no sol\u00edan hablar mucho de sus experiencias b\u00e9licas. Por ese motivo, el autor ha tenido que apoyarse en los relatos del amigo de su padre y en informaciones recogidas aqu\u00ed y all\u00e1 siguiendo la ruta que emprendi\u00f3 su padre como \u00abinvoluntario voluntario\u00bb a las \u00f3rdenes de las tropas sublevadas. Es interesante anotar que el padre de Llamazares se alist\u00f3 por propia iniciativa -en concreto, ah\u00ed donde le pill\u00f3 la guerra, en este caso con los llamados Nacionales\u2014 para el cuerpo t\u00e9cnico de radiotransmisi\u00f3n, a fin de no ser llamado a filas obligatoriamente con su quinta y caer de ese modo en la Infanter\u00eda. De ese modo, los dos amigos recorrieron en transversal y arrastrando su equipo de radio la parte norte de la Pen\u00ednsula, desde las monta\u00f1as de Le\u00f3n hasta el mar en Castell\u00f3n de la Plana, pasando calor en verano y mucho, mucho fr\u00edo en invierno durante la batalla de Teruel, y mucho peligro en la sierra del Espad\u00e1n, entre las provincias de Castell\u00f3n y Valencia, en donde salvaron la vida gracias a su picard\u00eda.<br \/>\nLlamazares ha desarrollado en sus viajes dos propiedades indispensables para este tipo de escritura: la capacidad de entablar contactos personales y recabar, o m\u00e1s bien sonsacar, informaci\u00f3n relevante de las personas que viven en los lugares que visita, y su valent\u00eda para dejar flecos sueltos cuando no es posible obtener m\u00e1s datos con los medios disponibles. Esta segunda habilidad es algo que deber\u00edamos aprender todos en distintos \u00e1mbitos.<br \/>\nEn cualquier caso, algo m\u00e1s que otro libro sobre una guerra que nos va a seguir persiguiendo durante mucho tiempo.<\/p>\n<p><strong>Lo que opinan los dem\u00e1s:<\/strong><br \/>\n\u00abCon su habitual estilo, trufado de la prosa aparentemente sencilla de los grandes narradores, pespuntea un paisaje que es espejo de una memoria personal y colectiva\u00bb. <em>Ra\u00fal Conde, El Mundo<\/em><br \/>\n\u00abLa subjetividad impregna de emotividad la doble estampa de la barbarie b\u00e9lica y de la soledad rural\u00bb. <em>Santos Sanz Villanueva, El Cultural<\/em><\/p>\n","protected":false},"excerpt":{"rendered":"<p>Junto a sus novelas, generalmente cortas, Julio Llamazares ha escrito varios libros de viajes. He le\u00eddo algunos de ellos, y he podido comprobar que ha desarrollado un estilo propio dentro de este g\u00e9nero literario, de gran raigambre entre los grandes &hellip; <a href=\"http:\/\/libros.canals.de\/?p=2609\">Sigue leyendo <span class=\"meta-nav\">&rarr;<\/span><\/a><\/p>\n","protected":false},"author":2,"featured_media":0,"comment_status":"open","ping_status":"closed","sticky":false,"template":"","format":"standard","meta":[],"categories":[51,3],"tags":[38],"_links":{"self":[{"href":"http:\/\/libros.canals.de\/index.php?rest_route=\/wp\/v2\/posts\/2609"}],"collection":[{"href":"http:\/\/libros.canals.de\/index.php?rest_route=\/wp\/v2\/posts"}],"about":[{"href":"http:\/\/libros.canals.de\/index.php?rest_route=\/wp\/v2\/types\/post"}],"author":[{"embeddable":true,"href":"http:\/\/libros.canals.de\/index.php?rest_route=\/wp\/v2\/users\/2"}],"replies":[{"embeddable":true,"href":"http:\/\/libros.canals.de\/index.php?rest_route=%2Fwp%2Fv2%2Fcomments&post=2609"}],"version-history":[{"count":0,"href":"http:\/\/libros.canals.de\/index.php?rest_route=\/wp\/v2\/posts\/2609\/revisions"}],"wp:attachment":[{"href":"http:\/\/libros.canals.de\/index.php?rest_route=%2Fwp%2Fv2%2Fmedia&parent=2609"}],"wp:term":[{"taxonomy":"category","embeddable":true,"href":"http:\/\/libros.canals.de\/index.php?rest_route=%2Fwp%2Fv2%2Fcategories&post=2609"},{"taxonomy":"post_tag","embeddable":true,"href":"http:\/\/libros.canals.de\/index.php?rest_route=%2Fwp%2Fv2%2Ftags&post=2609"}],"curies":[{"name":"wp","href":"https:\/\/api.w.org\/{rel}","templated":true}]}}