{"id":2601,"date":"2025-12-13T09:44:29","date_gmt":"2025-12-13T08:44:29","guid":{"rendered":"https:\/\/libros.canals.de\/?p=2601"},"modified":"2025-12-14T10:21:48","modified_gmt":"2025-12-14T09:21:48","slug":"nada-bueno-germina-cesar-perez-gellida","status":"publish","type":"post","link":"http:\/\/libros.canals.de\/?p=2601","title":{"rendered":"Nada bueno germina, C\u00e9sar P\u00e9rez-Gellida"},"content":{"rendered":"<p><a href=\"http:\/\/libros.canals.de\/wp-content\/uploads\/2025\/12\/9788423367672.jpg\"><img loading=\"lazy\" src=\"http:\/\/libros.canals.de\/wp-content\/uploads\/2025\/12\/9788423367672-176x300.jpg\" alt=\"\" width=\"88\" height=\"150\" class=\"alignnone size-medium wp-image-2602\" srcset=\"http:\/\/libros.canals.de\/wp-content\/uploads\/2025\/12\/9788423367672-176x300.jpg 176w, http:\/\/libros.canals.de\/wp-content\/uploads\/2025\/12\/9788423367672.jpg 552w\" sizes=\"(max-width: 88px) 100vw, 88px\" \/><\/a><br \/>\nEsta novela de C\u00e9sar P\u00e9rez-Gellida puede entenderse como secuela \u2014aunque, seg\u00fan el autor, permite la lectura independiente\u2014 de <em>Bajo tierra seca<\/em>, galardonada en 2024 con el Premio Nadal. Si no se conoce la novela de 2024 se carece de algunos rasgos importantes de los dos personajes principales: Sebasti\u00e1n Costa, un dandy-bandolero moderno resabiado despu\u00e9s de su participaci\u00f3n en las guerras que pusieron fin al Imperio espa\u00f1ol, y Antonia Monterroso, de origen eslavo, una aut\u00e9ntica psic\u00f3pata y una h\u00e1bil delincuente sin ning\u00fan tipo de prejuicios.<br \/>\nLa novela comienza con el intento de robo a un banco en Andaluc\u00eda y termina con un showdown espectacular en Valladolid, as\u00ed como un peque\u00f1o gui\u00f1o a una posible continuaci\u00f3n en las p\u00e1ginas finales. Entre medias se suceden los hechos delictivos y las investigaciones policiales, las venganzas de sangre y las extorsiones, el arribismo de algunos funcionarios y la codicia de delincuentes y comerciantes. El autor ha comentado en una entrevista (https:\/\/gatropolis.com\/literatura\/cesar-perez-gellida-prioridad-nada-bueno-germina-lectores-entiendan\/) que los dos protagonistas generan reacciones contradictorias entre los lectores: aunque todos los consideran dos criminales que deber\u00edan desaparecer de nuestra sociedad, a lo largo de la lectura se les va cogiendo cari\u00f1o, de modo que alguno se alegra a su pesar cuando consiguen darse a la fuga o lograr sus objetivos. \u00bfQui\u00e9n no pensar\u00eda en diversos bandoleros, reales o ficticios, de nuestra memoria colectiva, como Luis Candelas o Bonny and Clide?<br \/>\nPor lo dem\u00e1s, la prosa y el oficio de P\u00e9rez-Gellida son de sobra conocidos. A este autor no le tiembla la mano a la hora de relatar muertes \u2014en esta novela superan la cuarentena, entre amigos, enemigos y gente que pasaba por ah\u00ed\u2014, y lo hace sin morbo, algo que a veces se agradece. La ambientaci\u00f3n en paisajes andaluces y castellanos y en los tremendos a\u00f1os en que la Gran Guerra se uni\u00f3 a la epidemia de gripe (llamada espa\u00f1ola en casi todo el mundo) para diezmar el colectivo de una sociedad ya de sobra maltratada por las circunstancias sociales y pol\u00edticas es impecable, como de costumbre.<br \/>\nSin duda, una novela excelente, sobre todo para los seguidores de este simp\u00e1tico y prol\u00edfico autor.<\/p>\n","protected":false},"excerpt":{"rendered":"<p>Esta novela de C\u00e9sar P\u00e9rez-Gellida puede entenderse como secuela \u2014aunque, seg\u00fan el autor, permite la lectura independiente\u2014 de Bajo tierra seca, galardonada en 2024 con el Premio Nadal. Si no se conoce la novela de 2024 se carece de algunos &hellip; <a href=\"http:\/\/libros.canals.de\/?p=2601\">Sigue leyendo <span class=\"meta-nav\">&rarr;<\/span><\/a><\/p>\n","protected":false},"author":2,"featured_media":0,"comment_status":"open","ping_status":"closed","sticky":false,"template":"","format":"standard","meta":[],"categories":[3],"tags":[99],"_links":{"self":[{"href":"http:\/\/libros.canals.de\/index.php?rest_route=\/wp\/v2\/posts\/2601"}],"collection":[{"href":"http:\/\/libros.canals.de\/index.php?rest_route=\/wp\/v2\/posts"}],"about":[{"href":"http:\/\/libros.canals.de\/index.php?rest_route=\/wp\/v2\/types\/post"}],"author":[{"embeddable":true,"href":"http:\/\/libros.canals.de\/index.php?rest_route=\/wp\/v2\/users\/2"}],"replies":[{"embeddable":true,"href":"http:\/\/libros.canals.de\/index.php?rest_route=%2Fwp%2Fv2%2Fcomments&post=2601"}],"version-history":[{"count":0,"href":"http:\/\/libros.canals.de\/index.php?rest_route=\/wp\/v2\/posts\/2601\/revisions"}],"wp:attachment":[{"href":"http:\/\/libros.canals.de\/index.php?rest_route=%2Fwp%2Fv2%2Fmedia&parent=2601"}],"wp:term":[{"taxonomy":"category","embeddable":true,"href":"http:\/\/libros.canals.de\/index.php?rest_route=%2Fwp%2Fv2%2Fcategories&post=2601"},{"taxonomy":"post_tag","embeddable":true,"href":"http:\/\/libros.canals.de\/index.php?rest_route=%2Fwp%2Fv2%2Ftags&post=2601"}],"curies":[{"name":"wp","href":"https:\/\/api.w.org\/{rel}","templated":true}]}}