{"id":2372,"date":"2025-04-19T11:33:18","date_gmt":"2025-04-19T10:33:18","guid":{"rendered":"https:\/\/libros.canals.de\/?p=2372"},"modified":"2026-02-27T17:52:55","modified_gmt":"2026-02-27T16:52:55","slug":"orbital-samantha-harvey","status":"publish","type":"post","link":"http:\/\/libros.canals.de\/?p=2372","title":{"rendered":"Orbital, Samantha Harvey"},"content":{"rendered":"<p><a href=\"http:\/\/libros.canals.de\/wp-content\/uploads\/2025\/04\/critica-orbital-samantha-harvey-1.jpg\"><img loading=\"lazy\" src=\"http:\/\/libros.canals.de\/wp-content\/uploads\/2025\/04\/critica-orbital-samantha-harvey-1-191x300.jpg\" alt=\"\" width=\"95\" height=\"150\" class=\"alignnone size-medium wp-image-2755\" srcset=\"http:\/\/libros.canals.de\/wp-content\/uploads\/2025\/04\/critica-orbital-samantha-harvey-1-191x300.jpg 191w, http:\/\/libros.canals.de\/wp-content\/uploads\/2025\/04\/critica-orbital-samantha-harvey-1.jpg 254w\" sizes=\"(max-width: 95px) 100vw, 95px\" \/><\/a><br \/>\nA la hora de incluir esta obra en una de las pocas categor\u00edas definidas, he dudado entre Novela y Poes\u00eda. El relato, ficticio, narra la vida de los seis ocupantes de la estaci\u00f3n espacial ISS en \u00f3rbita terrestre. A lo largo de 24 horas, la nave formada por distintos m\u00f3dulos da 16 vueltas a la Tierra, 90 minutos por vuelta, en una \u00f3rbita oblicua que asciende y desciende por encima de los mares, continentes e islas. La Tierra, a su vez, gira una vuelta entera durante ese mismo periodo de tiempo, de modo que el \u00abpaisaje\u00bb que contemplan y que se mueve bajo la nave a gran velocidad, var\u00eda continuamente.<br \/>\nLa narradora alterna la descripci\u00f3n del trabajo de los astronautas, regido por un horario inflexible, con sus horas de descanso, sus breves conversaciones, su interacci\u00f3n con la tierra y sus pensamientos.<br \/>\nEl resultado es un collage de pensamientos, sue\u00f1os, recuerdos y proyecciones futuras desde el singular entorno de la microgravedad. A lo largo de un a\u00f1o experimentan cambios en sus \u00f3rganos, en sus m\u00fasculos, en sus pautas de vida. La comunidad internacional a bordo adquiere un car\u00e1cter peculiar, del que todos son m\u00e1s o menos conscientes. Cada tema, desde la ecolog\u00eda, la historia de la humanidad, la cosmolog\u00eda, la pol\u00edtica o las relaciones humanas, adquiere una dimensi\u00f3n \u00fanica desde la perspectiva extraterrestre, que diluye las fronteras, acorta las distancias y visualiza de un modo distinto fen\u00f3menos como un tif\u00f3n que arrastra las islas de Asia.<br \/>\nMe ha encantado la novela, y no me extra\u00f1a que recibiera el premio Brooker <\/p>\n","protected":false},"excerpt":{"rendered":"<p>A la hora de incluir esta obra en una de las pocas categor\u00edas definidas, he dudado entre Novela y Poes\u00eda. El relato, ficticio, narra la vida de los seis ocupantes de la estaci\u00f3n espacial ISS en \u00f3rbita terrestre. A lo &hellip; <a href=\"http:\/\/libros.canals.de\/?p=2372\">Sigue leyendo <span class=\"meta-nav\">&rarr;<\/span><\/a><\/p>\n","protected":false},"author":2,"featured_media":0,"comment_status":"open","ping_status":"closed","sticky":false,"template":"","format":"standard","meta":[],"categories":[3],"tags":[346],"_links":{"self":[{"href":"http:\/\/libros.canals.de\/index.php?rest_route=\/wp\/v2\/posts\/2372"}],"collection":[{"href":"http:\/\/libros.canals.de\/index.php?rest_route=\/wp\/v2\/posts"}],"about":[{"href":"http:\/\/libros.canals.de\/index.php?rest_route=\/wp\/v2\/types\/post"}],"author":[{"embeddable":true,"href":"http:\/\/libros.canals.de\/index.php?rest_route=\/wp\/v2\/users\/2"}],"replies":[{"embeddable":true,"href":"http:\/\/libros.canals.de\/index.php?rest_route=%2Fwp%2Fv2%2Fcomments&post=2372"}],"version-history":[{"count":0,"href":"http:\/\/libros.canals.de\/index.php?rest_route=\/wp\/v2\/posts\/2372\/revisions"}],"wp:attachment":[{"href":"http:\/\/libros.canals.de\/index.php?rest_route=%2Fwp%2Fv2%2Fmedia&parent=2372"}],"wp:term":[{"taxonomy":"category","embeddable":true,"href":"http:\/\/libros.canals.de\/index.php?rest_route=%2Fwp%2Fv2%2Fcategories&post=2372"},{"taxonomy":"post_tag","embeddable":true,"href":"http:\/\/libros.canals.de\/index.php?rest_route=%2Fwp%2Fv2%2Ftags&post=2372"}],"curies":[{"name":"wp","href":"https:\/\/api.w.org\/{rel}","templated":true}]}}