{"id":2341,"date":"2025-03-09T11:00:26","date_gmt":"2025-03-09T10:00:26","guid":{"rendered":"https:\/\/libros.canals.de\/?p=2341"},"modified":"2026-02-27T18:01:50","modified_gmt":"2026-02-27T17:01:50","slug":"mejor-la-ausencia-edurne-portela","status":"publish","type":"post","link":"http:\/\/libros.canals.de\/?p=2341","title":{"rendered":"Mejor la ausencia, Edurne Portela"},"content":{"rendered":"<p><a href=\"http:\/\/libros.canals.de\/wp-content\/uploads\/2025\/03\/36195080-1.jpg\"><img loading=\"lazy\" src=\"http:\/\/libros.canals.de\/wp-content\/uploads\/2025\/03\/36195080-1-185x300.jpg\" alt=\"\" width=\"93\" height=\"150\" class=\"alignnone size-medium wp-image-2768\" srcset=\"http:\/\/libros.canals.de\/wp-content\/uploads\/2025\/03\/36195080-1-185x300.jpg 185w, http:\/\/libros.canals.de\/wp-content\/uploads\/2025\/03\/36195080-1.jpg 309w\" sizes=\"(max-width: 93px) 100vw, 93px\" \/><\/a><br \/>\nEste libro de Edurne Portela recibi\u00f3 en el a\u00f1o 2018 el premio del Gremio de Librer\u00edas de Madrid como mejor libro de ficci\u00f3n. Escrito en la l\u00ednea de sus obras anteriores, combina dos elementos: la violencia social, representada por el terrorismo y el contraterrorismo, y la violencia dentro de una familia \u2014padre, madre, tres hijos y una, Amaia, que es la narradora\u2014 con un padre maltratador, una madre d\u00e9bil y un entorno de drogas y terrorismo.<br \/>\nSe descubren elementos autobiogr\u00e1ficos en cuanto al entorno y los lugares. Amaia, que estudia en un colegio de monjas al comienzo de la narraci\u00f3n, sufre en una familia rota, con una madre alcoh\u00f3lica y hermanos que tienden a las drogas, a la violencia o a aislarse en s\u00ed mismos y no intentar solucionar la situaci\u00f3n. El padre, primero colaborador de ETA, es reclutado para la lucha sucia contra \u00e9sta, y no es capaz de reprimir sus brotes violentos frente a su mujer y su hija.<br \/>\nEl \u00faltimo cap\u00edtulo de la novela, datado unos 15 a\u00f1os despu\u00e9s del resto, recoge el regreso de Amaia a Bilbao, en donde se ve confrontada con su pasado, que intenta recoger en una narraci\u00f3n, supuestamente esta novela. Mezcla el presente con recuerdos del pasado que, hasta ese momento, solo se intu\u00edan. Esta secci\u00f3n el algo d\u00e9bil argumentalmente.<br \/>\nAlgunas cr\u00edticas destacan el af\u00e1n de superaci\u00f3n y la esperanza de los personajes. Yo no lo veo as\u00ed. El relato y las conversaciones reflejan m\u00e1s bien lo contrario.<br \/>\nPienso que no es la mejor novela de Portela, y no se la recomendar\u00eda a cualquiera, por su crudeza y su tono negativo. <\/p>\n","protected":false},"excerpt":{"rendered":"<p>Este libro de Edurne Portela recibi\u00f3 en el a\u00f1o 2018 el premio del Gremio de Librer\u00edas de Madrid como mejor libro de ficci\u00f3n. Escrito en la l\u00ednea de sus obras anteriores, combina dos elementos: la violencia social, representada por el &hellip; <a href=\"http:\/\/libros.canals.de\/?p=2341\">Sigue leyendo <span class=\"meta-nav\">&rarr;<\/span><\/a><\/p>\n","protected":false},"author":2,"featured_media":0,"comment_status":"open","ping_status":"closed","sticky":false,"template":"","format":"standard","meta":[],"categories":[3],"tags":[156],"_links":{"self":[{"href":"http:\/\/libros.canals.de\/index.php?rest_route=\/wp\/v2\/posts\/2341"}],"collection":[{"href":"http:\/\/libros.canals.de\/index.php?rest_route=\/wp\/v2\/posts"}],"about":[{"href":"http:\/\/libros.canals.de\/index.php?rest_route=\/wp\/v2\/types\/post"}],"author":[{"embeddable":true,"href":"http:\/\/libros.canals.de\/index.php?rest_route=\/wp\/v2\/users\/2"}],"replies":[{"embeddable":true,"href":"http:\/\/libros.canals.de\/index.php?rest_route=%2Fwp%2Fv2%2Fcomments&post=2341"}],"version-history":[{"count":0,"href":"http:\/\/libros.canals.de\/index.php?rest_route=\/wp\/v2\/posts\/2341\/revisions"}],"wp:attachment":[{"href":"http:\/\/libros.canals.de\/index.php?rest_route=%2Fwp%2Fv2%2Fmedia&parent=2341"}],"wp:term":[{"taxonomy":"category","embeddable":true,"href":"http:\/\/libros.canals.de\/index.php?rest_route=%2Fwp%2Fv2%2Fcategories&post=2341"},{"taxonomy":"post_tag","embeddable":true,"href":"http:\/\/libros.canals.de\/index.php?rest_route=%2Fwp%2Fv2%2Ftags&post=2341"}],"curies":[{"name":"wp","href":"https:\/\/api.w.org\/{rel}","templated":true}]}}