{"id":2306,"date":"2025-01-10T15:13:51","date_gmt":"2025-01-10T14:13:51","guid":{"rendered":"http:\/\/libros.canals.de\/?p=2306"},"modified":"2025-01-10T15:59:32","modified_gmt":"2025-01-10T14:59:32","slug":"un-ano-en-libros-2024","status":"publish","type":"post","link":"http:\/\/libros.canals.de\/?p=2306","title":{"rendered":"Un a\u00f1o en libros 2024"},"content":{"rendered":"<p>Esta entrada es algo especial. Como de costumbre, he preparado un resumen de los 10 libros que m\u00e1s me han gustado en 2024.<br \/>\nSe trata de una selecci\u00f3n subjetiva, como se puede comprender.<\/p>\n<p>Los ofrezco en un v\u00eddeo de YouTube: <a href=\"https:\/\/youtu.be\/c1TheuGlNRw\">Mis mejores libros de 2024<\/a><\/p>\n<p>Para los que prefieran un resumen escrito, aqu\u00ed van:<\/p>\n<p><a href=\"http:\/\/libros.canals.de\/wp-content\/uploads\/2024\/10\/717zXIGhL1L._SY466_.jpg\"><img loading=\"lazy\" src=\"http:\/\/libros.canals.de\/wp-content\/uploads\/2024\/10\/717zXIGhL1L._SY466_-178x300.jpg\" alt=\"\" width=\"36\" height=\"60\" class=\"alignnone size-medium wp-image-2221\" srcset=\"http:\/\/libros.canals.de\/wp-content\/uploads\/2024\/10\/717zXIGhL1L._SY466_-178x300.jpg 178w, http:\/\/libros.canals.de\/wp-content\/uploads\/2024\/10\/717zXIGhL1L._SY466_.jpg 277w\" sizes=\"(max-width: 36px) 100vw, 36px\" \/><\/a> <strong>Han Kang, La vegetariana<\/strong><br \/>\nSe trata de una novela relativamente corta dividida en tres actos. La protagonista, Yeonghye, satisface todos los criterios exigidos a una mujer coreana de su generaci\u00f3n, y como tal es aceptada por su marido y su entorno. Todo cambia cuando, de improviso, comienza a tener unas pesadillas sangrientas. La referencia a estas pesadillas es la \u00fanica narraci\u00f3n desde su perspectiva. En el resto de la novela se nos presenta el punto de vista de sus familiares y amigos. Como reacci\u00f3n a estos sue\u00f1os decide hacerse vegetariana, provocando un choque con todas las personas, incluyendo sus padres, hermanos y cu\u00f1ados, que insisten en que debe adaptarse a los gustos y est\u00e1ndares de la sociedad en la que vive. La radicalizaci\u00f3n de su postura y la reacci\u00f3n de su entorno llevan a situaciones perturbadoras, incluso podr\u00eda decirse brutales, anunciadas en parte a modo de spoiler por la imagen de la portada en espa\u00f1ol.La violencia sufrida por la protagonista es sin duda un aspecto clave para entender el libro y la intenci\u00f3n de la autora que, por otro lado, prefiere no intervenir en la recepci\u00f3n de sus libros, sino esperar que estos desarrollen su efecto. Leer\u00e9 alg\u00fan otro libro para hacerme una idea m\u00e1s completa.<\/p>\n<p><a href=\"http:\/\/libros.canals.de\/wp-content\/uploads\/2024\/04\/La-asombrosa-tienda-de-la-sen\u2560aora-Yeom-300-pp-uai-516x781-1.jpg\"><img loading=\"lazy\" src=\"http:\/\/libros.canals.de\/wp-content\/uploads\/2024\/04\/La-asombrosa-tienda-de-la-sen\u2560aora-Yeom-300-pp-uai-516x781-1-198x300.jpg\" alt=\"\" width=\"40\" height=\"60\" class=\"alignnone size-medium wp-image-2059\" srcset=\"http:\/\/libros.canals.de\/wp-content\/uploads\/2024\/04\/La-asombrosa-tienda-de-la-sen\u2560aora-Yeom-300-pp-uai-516x781-1-198x300.jpg 198w, http:\/\/libros.canals.de\/wp-content\/uploads\/2024\/04\/La-asombrosa-tienda-de-la-sen\u2560aora-Yeom-300-pp-uai-516x781-1.jpg 516w\" sizes=\"(max-width: 40px) 100vw, 40px\" \/><\/a> <strong>Kim Ho-Yeon, La asombrosa tienda de la se\u00f1ora yeom<\/strong><br \/>\nEsta novela, ambientada en el primer a\u00f1o de la pandemia, relata con rasgos ben\u00e9volos una historia de comprensi\u00f3n, convivencia y trato humano. El libro, publicado en su idioma original 2021, se ha convertido en un \u00e9xito editorial en muchos pa\u00edses.Un indigente, llamado Dokgo por sus compa\u00f1eros de desdicha en la estaci\u00f3n central de Se\u00fal, encuentra un d\u00eda un estuche con los documentos y la cartera de la se\u00f1ora Yeom, una profesora jubilada que posee una tienda 24h en un barrio perif\u00e9rico. Dokgo sufre de amnesia alcoh\u00f3lica, y su \u00fanico objetivo es pasar el invierno sin grandes da\u00f1os. En el estuche encuentra los datos de la se\u00f1ora Yeom y la llama por tel\u00e9fono para devolverle sus pertenencias. La profesora le lleva a su tienda y le otorga el derecho a cenar todos los d\u00edas en su establecimiento, a condici\u00f3n de que deje de beber. Poco despu\u00e9s, Dokgo se convierte en encargado de las horas nocturnas de la tienda, y despliega una actividad asombrosa por su facilidad para hacerse cargo de los problemas de los dem\u00e1s. Lentamente comienza a recuperar retazos de un pasado que cre\u00eda haber dejado atr\u00e1s.<\/p>\n<p><a href=\"http:\/\/libros.canals.de\/wp-content\/uploads\/2024\/02\/911kRnFTMdL._SY466_.jpg\"><img loading=\"lazy\" src=\"http:\/\/libros.canals.de\/wp-content\/uploads\/2024\/02\/911kRnFTMdL._SY466_-199x300.jpg\" alt=\"\" width=\"40\" height=\"60\" class=\"alignnone size-medium wp-image-1955\" srcset=\"http:\/\/libros.canals.de\/wp-content\/uploads\/2024\/02\/911kRnFTMdL._SY466_-199x300.jpg 199w, http:\/\/libros.canals.de\/wp-content\/uploads\/2024\/02\/911kRnFTMdL._SY466_.jpg 309w\" sizes=\"(max-width: 40px) 100vw, 40px\" \/><\/a> <strong>Patrick Modiano, Dora Bruder<\/strong><br \/>\nEste breve relato, considerado por muchos cr\u00edticos una de las mejores obras de Modiano, recoge las pesquisas, los recuerdos y las consideraciones del autor sobre la breve vida de una joven jud\u00eda llamada Dora Bruder, partiendo de dos documentos: un anuncio en un peri\u00f3dico, solicitando ayuda para encontrar a una chica de 15 a\u00f1os, desaparecida a fines de 1941 en Par\u00eds, y una lista de deportados del campo de concentraci\u00f3n de Drancy al campo de exterminio de Auschwitz nueve meses m\u00e1s tarde, en la que figura su nombre con el de su padre.Las fuentes documentales de Modiano son los registros policiales y administrativos de aquella oscura \u00e9poca, en la medida en que est\u00e1n disponibles. Tambi\u00e9n recopil\u00f3 informaci\u00f3n en entrevistas con posibles testigos. Pero la narraci\u00f3n se apoya sobre todo en las calles de los barrios de Par\u00eds en los que naci\u00f3, vivi\u00f3 y busc\u00f3 la libertad esta joven parisina, que muri\u00f3 sencillamente por el origen jud\u00edo de sus padres.<\/p>\n<p><a href=\"http:\/\/libros.canals.de\/wp-content\/uploads\/2024\/01\/M08435018342-large.jpg\"><img loading=\"lazy\" src=\"http:\/\/libros.canals.de\/wp-content\/uploads\/2024\/01\/M08435018342-large-195x300.jpg\" alt=\"\" width=\"39\" height=\"60\" class=\"alignnone size-medium wp-image-1930\" srcset=\"http:\/\/libros.canals.de\/wp-content\/uploads\/2024\/01\/M08435018342-large-195x300.jpg 195w, http:\/\/libros.canals.de\/wp-content\/uploads\/2024\/01\/M08435018342-large.jpg 220w\" sizes=\"(max-width: 39px) 100vw, 39px\" \/><\/a> <strong>John Steinbeck, La perla<\/strong><br \/>\nKino, un pescador de perlas contento con su trabajo y su barca, est\u00e1 casado con Juana, con la que tiene un hijo peque\u00f1o, Coyotito. Una ma\u00f1ana, un escorpi\u00f3n se desliza por la cuerda de la que pende la cuna del ni\u00f1o y, debido a un movimiento imprevisto de \u00e9ste, le pica en el hombro. A partir de ah\u00ed, la vida de Kino da un giro inesperado. Acude al m\u00e9dico solicitando ayuda para Coyotito, pero el m\u00e9dico se niega a atenderlo, pues supone que el padre no podr\u00eda pagarle. Ese d\u00eda, al hacerse a la mar, encuentra una ostra separada de las dem\u00e1s, que contiene una perla enorme y perfecta. El primer impulso es venderla para poder curar al ni\u00f1o enfermo, pero pronto se van sumando otros anhelos y planes, y la aldea entera se implica, no siempre con buenas intenciones, en los planes futuros de Kino.Se trata de una par\u00e1bola sobre la riqueza y la pobreza, sobre la codicia y sobre c\u00f3mo los bienes materiales no siempre son algo positivo.<\/p>\n<p><a href=\"http:\/\/libros.canals.de\/wp-content\/uploads\/2024\/03\/portada_la-anomalia_herve-le-tellier_202102171059.webp\"><img loading=\"lazy\" src=\"http:\/\/libros.canals.de\/wp-content\/uploads\/2024\/03\/portada_la-anomalia_herve-le-tellier_202102171059-176x300.webp\" alt=\"\" width=\"37\" height=\"60\" class=\"alignnone size-medium wp-image-1979\" \/><\/a> <strong>Herv\u00e9 Le Tellier, La anomal\u00eda<\/strong><br \/>\nEsta inteligente novela plantea inc\u00f3gnitas cient\u00edficas, problemas \u00e9ticos y una buena dosis de intriga. El argumento b\u00e1sico es el siguiente: un avi\u00f3n de Air France atraviesa una tormenta al acercarse a Nueva York. Tras el aterrizaje, que origina deterioros en el fuselaje de la aeronave, los 243 pasajeros y miembros de la tripulaci\u00f3n reanudan su vida normal. La novela nos va presentando a algunos de ellos, desde el piloto y un asesino profesional hasta una abogada, un arquitecto y un escritor y traductor franc\u00e9s. Unos tres meses m\u00e1s tarde, el mismo avi\u00f3n con la misma tripulaci\u00f3n y los mismos pasajeros anuncia su aterrizaje en el JKF. La torre de control, en cooperaci\u00f3n con diversas agencias, desv\u00eda el avi\u00f3n hacia un aeropuerto militar en Nueva Jersey. Las autoridades, los especialistas convocados y los mismos protagonistas buscan un camino para afrontar los diversos problemas que se plantean.<\/p>\n<p><a href=\"http:\/\/libros.canals.de\/wp-content\/uploads\/2024\/07\/9788418184888.jpg\"><img loading=\"lazy\" src=\"http:\/\/libros.canals.de\/wp-content\/uploads\/2024\/07\/9788418184888-199x300.jpg\" alt=\"\" width=\"40\" height=\"60\" class=\"alignnone size-medium wp-image-2138\" srcset=\"http:\/\/libros.canals.de\/wp-content\/uploads\/2024\/07\/9788418184888-199x300.jpg 199w, http:\/\/libros.canals.de\/wp-content\/uploads\/2024\/07\/9788418184888.jpg 229w\" sizes=\"(max-width: 40px) 100vw, 40px\" \/><\/a> <strong>Carsten Henn, El hombre que paseaba libros<\/strong><br \/>\nSe trata, en l\u00edneas generales, de un homenaje a los libros, a los lectores y a todos los que permiten que otras personas disfruten de la lectura. En general y, en particular, las novelas de todo tipo. Se dice que son los libros los que encuentran a sus lectores, pero a veces necesitan que alguien les muestre el camino.Carl Kollhof ha trabajado durante muchos a\u00f1os en una librer\u00eda de una peque\u00f1a ciudad alemana, regentada por Gustav Sch\u00e4fer y, m\u00e1s adelante, por su hija Sabine, decidida desde que se hizo cargo del negocio a cambiarlo todo.Carl se encarga de las entregas a domicilio, tarea que asume a \u00faltima hora de la tarde. Disfruta de este cometido, y ha \u00abbautizado\u00bb con nombres literarios a algunos de sus clientes, como Darcy, Effi (Briest), Doktor Faustus, Hercules, etc. Un d\u00eda se suma a sus paseos una ni\u00f1a de 9 a\u00f1os. No satisfecha con la funci\u00f3n de acompa\u00f1ante, comienza a entrometerse en la vida de los clientes de la librer\u00eda y en la vida del repartidor mismo.<\/p>\n<p><a href=\"http:\/\/libros.canals.de\/wp-content\/uploads\/2024\/07\/edition-142789.jpg\"><img loading=\"lazy\" src=\"http:\/\/libros.canals.de\/wp-content\/uploads\/2024\/07\/edition-142789-203x300.jpg\" alt=\"\" width=\"41\" height=\"60\" class=\"alignnone size-medium wp-image-2135\" srcset=\"http:\/\/libros.canals.de\/wp-content\/uploads\/2024\/07\/edition-142789-203x300.jpg 203w, http:\/\/libros.canals.de\/wp-content\/uploads\/2024\/07\/edition-142789-692x1024.jpg 692w, http:\/\/libros.canals.de\/wp-content\/uploads\/2024\/07\/edition-142789-768x1136.jpg 768w, http:\/\/libros.canals.de\/wp-content\/uploads\/2024\/07\/edition-142789-1039x1536.jpg 1039w, http:\/\/libros.canals.de\/wp-content\/uploads\/2024\/07\/edition-142789-1385x2048.jpg 1385w, http:\/\/libros.canals.de\/wp-content\/uploads\/2024\/07\/edition-142789.jpg 1677w\" sizes=\"(max-width: 41px) 100vw, 41px\" \/><\/a> <strong>Ito Ogawa, La papeler\u00eda Tsubaki<\/strong><br \/>\nLa papeler\u00eda de que se habla en este libro, situada en la ciudad de Kamakura, localidad costera cercana a Tokio, no solo vende art\u00edculos de escritura y objetos menudos de distintos tipos, sino que tambi\u00e9n ofrece servicios de escritura. Hatoko, llamada tambi\u00e9n Poppo, ha regresado a esta ciudad, en donde creci\u00f3 en casa de su abuela, para hacerse cargo del negocio familiar. Educada en la cultura tradicional japonesa, Poppo ayuda a sus clientes a escribir cartas con una caligraf\u00eda adecuada a la ocasi\u00f3n, utilizando papeles, tintas y pinceles o plumas conformes con el motivo de la misiva.De ese modo contribuye a solucionar problemas, desde cortar con una relaci\u00f3n equ\u00edvoca hasta rechazar un sablazo, o incluso comunicar a un entorno de amigos la muerte de un animal dom\u00e9stico. La novela narra estos hechos y los encuadra en un plazo de doce meses, durante el que se celebran las fiestas tradicionales japonesas, se contempla el ciclo vital de la naturaleza y se visitan los lugares emblem\u00e1ticos de esta ciudad, marcada por los templos sinto\u00edstas y budistas.<\/p>\n<p><a href=\"http:\/\/libros.canals.de\/wp-content\/uploads\/2024\/07\/207629281.jpg\"><img loading=\"lazy\" src=\"http:\/\/libros.canals.de\/wp-content\/uploads\/2024\/07\/207629281-202x300.jpg\" alt=\"\" width=\"40\" height=\"60\" class=\"alignnone size-medium wp-image-2122\" srcset=\"http:\/\/libros.canals.de\/wp-content\/uploads\/2024\/07\/207629281-202x300.jpg 202w, http:\/\/libros.canals.de\/wp-content\/uploads\/2024\/07\/207629281.jpg 336w\" sizes=\"(max-width: 40px) 100vw, 40px\" \/><\/a> <strong>Tim Gautreaux, Desaparecidos<\/strong><br \/>\nSam Simoneaux es un joven soldado de Luisiana que desembarca en Europa en 1917, precisamente el d\u00eda siguiente al armisticio que puso final a la Primera Guerra Mundial. Por tanto, su experiencia b\u00e9lica se resume al trabajo de artificiero sin conocimientos ni experiencias. Durante ese trabajo causa involuntariamente una herida en la mano a una ni\u00f1a francesa, a la que cura provisionalmente. Este episodio de su vida seguir\u00e1 presente en su memoria durante mucho tiempo, tambi\u00e9n despu\u00e9s de casarse y de perder a un hijo a causa de unas fiebres. Poco despu\u00e9s, trabajando como encargado en unos grandes almacenes, es hecho responsable de la desaparici\u00f3n de una ni\u00f1a de 10 a\u00f1os, a la que sus padres perdieron de vista durante las compras. Despedido, se enrola en un barco de vapor de palas que recorre el Misisipi organizando excursiones con m\u00fasica y baile, con el fin de encontrar informaci\u00f3n sobre el paradero de la ni\u00f1a, probablemente secuestrada.A partir de ah\u00ed, la novela narra sus aventuras, su trabajo de oficial a bordo del barco, y su relaci\u00f3n con los padres y el hermano de la desaparecida, que viajan y trabajan en el mismo nav\u00edo.<\/p>\n<p><a href=\"http:\/\/libros.canals.de\/wp-content\/uploads\/2024\/10\/9788418657559.jpg\"><img loading=\"lazy\" src=\"http:\/\/libros.canals.de\/wp-content\/uploads\/2024\/10\/9788418657559-200x300.jpg\" alt=\"\" width=\"40\" height=\"60\" class=\"alignnone size-medium wp-image-2233\" srcset=\"http:\/\/libros.canals.de\/wp-content\/uploads\/2024\/10\/9788418657559-200x300.jpg 200w, http:\/\/libros.canals.de\/wp-content\/uploads\/2024\/10\/9788418657559.jpg 229w\" sizes=\"(max-width: 40px) 100vw, 40px\" \/><\/a> <strong>Phil Camino, Rehenes<\/strong><br \/>\nOtra novela sobre ETA\u2026 Despu\u00e9s de tanto tiempo, despu\u00e9s del proceso de pacificaci\u00f3n, despu\u00e9s de la socializaci\u00f3n e incluso de la relevancia pol\u00edtica que ha adquirido alguno de los partidos nacidos de este fen\u00f3meno. \u00bfVale la pena amargarse la vida, o algunas horas de la misma, leyendo un relato, sea real o ficci\u00f3n? Mi respuesta es claramente s\u00ed. Sobre todo, si se hace como lo ha intentado hacer Phil Camino en su novela Rehenes.Entre otros argumentos cabe destacar este: la generaci\u00f3n que est\u00e1 creciendo y asumiendo protagonismo en Espa\u00f1a no conoce los hechos. No me refiero al \u00abconflicto\u00bb en s\u00ed, como se le suele llamar de un modo pol\u00edticamente correcto, sino a la existencia de un grupo de asesinos y terroristas que tomaron como rehenes a toda una sociedad con sus acciones, muchas veces indiscriminadas. Y esto no lo cambian supuestos derechos ancestrales, ni una herencia cultural, y ni siquiera la guerra \u00absucia\u00bb emprendida desde algunos sectores de uno o varios gobiernos para \u00abeliminar\u00bb el problema suprimiendo a sus actores.<\/p>\n<p><a href=\"http:\/\/libros.canals.de\/wp-content\/uploads\/2024\/10\/el-querido-hermano-110398.jpg\"><img loading=\"lazy\" src=\"http:\/\/libros.canals.de\/wp-content\/uploads\/2024\/10\/el-querido-hermano-110398.jpg\" alt=\"\" width=\"30\" height=\"60\" class=\"alignnone size-full wp-image-2236\" \/><\/a> <strong>Joaqu\u00edn P\u00e9rez Aza\u00fastre, El querido hermano<\/strong><br \/>\nEsta breve obra del novelista, cr\u00edtico y podcaster Joaqu\u00edn P\u00e9rez Aza\u00fastre rememora el \u00faltimo viaje de Manuel Machado en febrero\/marzo de 1939, de Burgos a Collioure en Francia, a ra\u00edz del fallecimiento de su hermano Antonio.El autor relata de forma novelada el viaje de Manuel y su mujer Eulalia en un Bugatti puesto a disposici\u00f3n por la Comisi\u00f3n de Cultura y Ense\u00f1anza que dirig\u00eda Jos\u00e9 Mar\u00eda Pem\u00e1n y conducido por Ra\u00fal, un falangista que result\u00f3 herido en una lucha contra sindicalistas y que fue m\u00e1s tarde secretario personal de Pem\u00e1n y, por encargo de \u00e9ste, una especia de guardaespaldas de Machado. Combina Aza\u00fastre los pormenores del viaje, pasando por San Sebasti\u00e1n y Toulouse, con recuerdos del \u00faltimo encuentro de los dos hermanos poco antes del estallido de la guerra y con otros dos acontecimientos en la vida de Machado: su estancia en Par\u00eds con Antonio a finales del siglo XIX y su trato con escritores como Oscar Wilde, su detenci\u00f3n en Burgos en 1936 a ra\u00edz de un art\u00edculo difamatorio escrito por un periodista de derechas y su ingreso en la Real Academia de la Lengua, con citas de su famoso discurso.<\/p>\n","protected":false},"excerpt":{"rendered":"<p>Esta entrada es algo especial. Como de costumbre, he preparado un resumen de los 10 libros que m\u00e1s me han gustado en 2024. Se trata de una selecci\u00f3n subjetiva, como se puede comprender. Los ofrezco en un v\u00eddeo de YouTube: &hellip; <a href=\"http:\/\/libros.canals.de\/?p=2306\">Sigue leyendo <span class=\"meta-nav\">&rarr;<\/span><\/a><\/p>\n","protected":false},"author":2,"featured_media":0,"comment_status":"open","ping_status":"closed","sticky":false,"template":"","format":"standard","meta":[],"categories":[1],"tags":[],"_links":{"self":[{"href":"http:\/\/libros.canals.de\/index.php?rest_route=\/wp\/v2\/posts\/2306"}],"collection":[{"href":"http:\/\/libros.canals.de\/index.php?rest_route=\/wp\/v2\/posts"}],"about":[{"href":"http:\/\/libros.canals.de\/index.php?rest_route=\/wp\/v2\/types\/post"}],"author":[{"embeddable":true,"href":"http:\/\/libros.canals.de\/index.php?rest_route=\/wp\/v2\/users\/2"}],"replies":[{"embeddable":true,"href":"http:\/\/libros.canals.de\/index.php?rest_route=%2Fwp%2Fv2%2Fcomments&post=2306"}],"version-history":[{"count":0,"href":"http:\/\/libros.canals.de\/index.php?rest_route=\/wp\/v2\/posts\/2306\/revisions"}],"wp:attachment":[{"href":"http:\/\/libros.canals.de\/index.php?rest_route=%2Fwp%2Fv2%2Fmedia&parent=2306"}],"wp:term":[{"taxonomy":"category","embeddable":true,"href":"http:\/\/libros.canals.de\/index.php?rest_route=%2Fwp%2Fv2%2Fcategories&post=2306"},{"taxonomy":"post_tag","embeddable":true,"href":"http:\/\/libros.canals.de\/index.php?rest_route=%2Fwp%2Fv2%2Ftags&post=2306"}],"curies":[{"name":"wp","href":"https:\/\/api.w.org\/{rel}","templated":true}]}}