{"id":2292,"date":"2024-12-24T10:19:55","date_gmt":"2024-12-24T09:19:55","guid":{"rendered":"http:\/\/libros.canals.de\/?p=2292"},"modified":"2024-12-24T10:25:52","modified_gmt":"2024-12-24T09:25:52","slug":"el-honor-perdido-de-katharina-blum-heinrich-boll","status":"publish","type":"post","link":"http:\/\/libros.canals.de\/?p=2292","title":{"rendered":"El honor perdido de Katharina Blum, Heinrich B\u00f6ll"},"content":{"rendered":"<p><a href=\"http:\/\/libros.canals.de\/wp-content\/uploads\/2024\/12\/el-honor-perdido-de-katharina-blum-14175.jpg\"><img loading=\"lazy\" src=\"http:\/\/libros.canals.de\/wp-content\/uploads\/2024\/12\/el-honor-perdido-de-katharina-blum-14175.jpg\" alt=\"\" width=\"110\" height=\"150\" class=\"alignnone size-full wp-image-2293\" \/><\/a><br \/>\nHeinrich B\u00f6ll public\u00f3 esta novela en 1974, dos a\u00f1os despu\u00e9s de recibir el Premio Nobel de Literatura. Pese al respaldo que supone este galard\u00f3n y la fama de que ya por entonces disfrutaba el escritor coloni\u00e9s, la obra fue objeto de numerosas cr\u00edticas, tanto de la prensa como de algunos pol\u00edticos. Si se lee la novela se entiende la cr\u00edtica, pues B\u00f6ll ataca abiertamente a la prensa sensacionalista y destaca las implicaciones pol\u00edticas y sociales que se esconden detr\u00e1s de esta. Hay que decir que muchos vieron en la obra una cr\u00edtica a la reacci\u00f3n de la sociedad y la pol\u00edtica al grupo terrorista RAF. Incluso un presidente del Estado se vio obligado a intervenir, evidenciando que no hab\u00eda le\u00eddo el libro. En una especie de dedicatoria, previa al pr\u00f3logo, el autor escribe que \u00ab<em>el paralelismo de los hechos narrados con los procedimientos period\u00edsticos del diario Bild no son intencionados ni casuales, sino inevitables<\/em>.\u00bb<br \/>\nEl estilo narrativo es llamativamente moderno para una novela de esa \u00e9poca. El autor comienza resumiendo los hechos: Katharina Blum, una empleada del hogar titulada, divorciada y sin antecedentes delictivos, conoce a un presunto delincuente durante las fiestas de carnaval y lo lleva a su casa. Al d\u00eda siguiente, la polic\u00eda entra en su domicilio, en donde Katharina se encuentra sola, y no halla rastro del buscado, Ludwig G\u00f6tten, a pesar de tener acordonado el edificio. El llamamiento p\u00fablico de la polic\u00eda a cooperar en la b\u00fasqueda, la detenci\u00f3n de Katharina y las indiscreciones de los polic\u00edas conducen a una campa\u00f1a difamatoria en un diario llamado en la novela simplemente EL PERI\u00d3DICO, orquestada por un redactor llamado T\u00f6tges. Tergiversando los hechos, provocando declaraciones de terceros e incluso penetrando en la UCI del hospital en donde se encontraba la madre de Katharina despu\u00e9s de una operaci\u00f3n, el peri\u00f3dico y el periodista destrozan en pocos d\u00edas la fama y la vida de Katharina y de todas las personas que intentan ayudarla. La reacci\u00f3n de esta, matar al periodista de varios tiros despu\u00e9s de invitarle a disfrutar de una exclusiva, se narra en las primeras p\u00e1ginas de la novela, por lo que no es un spoiler mencionarla.<br \/>\nPese a toda la cr\u00edtica que recolect\u00f3, la novela es para m\u00ed un ejemplo de valent\u00eda del escritor, dispuesto a jugarse su reputaci\u00f3n denunciando pr\u00e1cticas que todos conocemos, englobadas en parte en la denominada \u00abcultura de la cancelaci\u00f3n\u00bb, y acompa\u00f1ada de \u00abcordones sanitarios\u00bb, etc. La pel\u00edcula de Volker Schl\u00f6ndorff de 1975 recoge, con gran fidelidad pese a la reducci\u00f3n habitual al cambio de medio, el mensaje b\u00e1sico de la novela.<\/p>\n","protected":false},"excerpt":{"rendered":"<p>Heinrich B\u00f6ll public\u00f3 esta novela en 1974, dos a\u00f1os despu\u00e9s de recibir el Premio Nobel de Literatura. Pese al respaldo que supone este galard\u00f3n y la fama de que ya por entonces disfrutaba el escritor coloni\u00e9s, la obra fue objeto &hellip; <a href=\"http:\/\/libros.canals.de\/?p=2292\">Sigue leyendo <span class=\"meta-nav\">&rarr;<\/span><\/a><\/p>\n","protected":false},"author":2,"featured_media":0,"comment_status":"open","ping_status":"closed","sticky":false,"template":"","format":"standard","meta":[],"categories":[3],"tags":[334],"_links":{"self":[{"href":"http:\/\/libros.canals.de\/index.php?rest_route=\/wp\/v2\/posts\/2292"}],"collection":[{"href":"http:\/\/libros.canals.de\/index.php?rest_route=\/wp\/v2\/posts"}],"about":[{"href":"http:\/\/libros.canals.de\/index.php?rest_route=\/wp\/v2\/types\/post"}],"author":[{"embeddable":true,"href":"http:\/\/libros.canals.de\/index.php?rest_route=\/wp\/v2\/users\/2"}],"replies":[{"embeddable":true,"href":"http:\/\/libros.canals.de\/index.php?rest_route=%2Fwp%2Fv2%2Fcomments&post=2292"}],"version-history":[{"count":0,"href":"http:\/\/libros.canals.de\/index.php?rest_route=\/wp\/v2\/posts\/2292\/revisions"}],"wp:attachment":[{"href":"http:\/\/libros.canals.de\/index.php?rest_route=%2Fwp%2Fv2%2Fmedia&parent=2292"}],"wp:term":[{"taxonomy":"category","embeddable":true,"href":"http:\/\/libros.canals.de\/index.php?rest_route=%2Fwp%2Fv2%2Fcategories&post=2292"},{"taxonomy":"post_tag","embeddable":true,"href":"http:\/\/libros.canals.de\/index.php?rest_route=%2Fwp%2Fv2%2Ftags&post=2292"}],"curies":[{"name":"wp","href":"https:\/\/api.w.org\/{rel}","templated":true}]}}