{"id":194,"date":"2012-07-17T17:28:46","date_gmt":"2012-07-17T16:28:46","guid":{"rendered":"http:\/\/libros.canals.de\/?p=194"},"modified":"2012-07-17T17:31:04","modified_gmt":"2012-07-17T16:31:04","slug":"el-lector-de-julio-verne-almudena-grandes","status":"publish","type":"post","link":"http:\/\/libros.canals.de\/?p=194","title":{"rendered":"El lector de Julio Verne, Almudena Grandes"},"content":{"rendered":"<p>Segunda entrega de la saga de Grandes sobre la postguerra espa\u00f1ola que, a su modo de ver, fue m\u00e1s bien una prolongaci\u00f3n de la guerra, al menos hasta que huyeron los \u00faltimos maquis o guerrilleros escondidos en los montes de la Pen\u00ednsula.<\/p>\n<p>Esta vez el terreno esc0gido es la Sierra Sur de Ja\u00e9n. En un pueblo perdido, en el que hace mucho fr\u00edo, crece en una casa cuartel el hijo de un Guardia Civil de pasado dudoso.\u00a0Canijo, como le llaman por su estatura,\u00a0comienza a hacerse preguntas sobre lo que sucede a su alrededor. Personas que \u00abse hacen al monte\u00bb, un famoso guerrillero, el Cencerro, que se vuelve legendario y que hace popular la canci\u00f3n de la \u00abvaca lechera\u00bb como manifestaci\u00f3n encubierta contra el r\u00e9gimen. La tortura como recurso habitual, el miedo y los intentos desesperados de un r\u00e9gimen de ocultar la existencia de una resistencia armada dentro de sus fronteras.<\/p>\n<p>Al igual que sucede en el primer tomo, In\u00e9s y la alegr\u00eda, al libro le vendr\u00edan bien m\u00e1s matices, m\u00e1s tonos de gris. No obstante, la figura del ni\u00f1o, de sus padres, de su amigo el Portugu\u00e9s, de su maestra y de tantos otros personajes, conocidos por sus motes como es habitual en los pueblos, llenan de humanidad una novela descarnada, dura, sin esperanza porque en su \u00e9poca no la hab\u00eda y aquella \u00e9poca se fue con los \u00faltimos maquis que pasaron la frontera para lleguar a Toulouse.<\/p>\n<p>Tambi\u00e9n aqu\u00ed se incluye un ep\u00edlogo largo, que quita tensi\u00f3n al libro pero encuadra el proyecto literario de la autora. Recomendable en el marco de la \u00abmemoria hist\u00f3rica\u00bb personal.<\/p>\n","protected":false},"excerpt":{"rendered":"<p>Segunda entrega de la saga de Grandes sobre la postguerra espa\u00f1ola que, a su modo de ver, fue m\u00e1s bien una prolongaci\u00f3n de la guerra, al menos hasta que huyeron los \u00faltimos maquis o guerrilleros escondidos en los montes de &hellip; <a href=\"http:\/\/libros.canals.de\/?p=194\">Sigue leyendo <span class=\"meta-nav\">&rarr;<\/span><\/a><\/p>\n","protected":false},"author":2,"featured_media":0,"comment_status":"open","ping_status":"open","sticky":false,"template":"","format":"standard","meta":[],"categories":[3],"tags":[23],"_links":{"self":[{"href":"http:\/\/libros.canals.de\/index.php?rest_route=\/wp\/v2\/posts\/194"}],"collection":[{"href":"http:\/\/libros.canals.de\/index.php?rest_route=\/wp\/v2\/posts"}],"about":[{"href":"http:\/\/libros.canals.de\/index.php?rest_route=\/wp\/v2\/types\/post"}],"author":[{"embeddable":true,"href":"http:\/\/libros.canals.de\/index.php?rest_route=\/wp\/v2\/users\/2"}],"replies":[{"embeddable":true,"href":"http:\/\/libros.canals.de\/index.php?rest_route=%2Fwp%2Fv2%2Fcomments&post=194"}],"version-history":[{"count":0,"href":"http:\/\/libros.canals.de\/index.php?rest_route=\/wp\/v2\/posts\/194\/revisions"}],"wp:attachment":[{"href":"http:\/\/libros.canals.de\/index.php?rest_route=%2Fwp%2Fv2%2Fmedia&parent=194"}],"wp:term":[{"taxonomy":"category","embeddable":true,"href":"http:\/\/libros.canals.de\/index.php?rest_route=%2Fwp%2Fv2%2Fcategories&post=194"},{"taxonomy":"post_tag","embeddable":true,"href":"http:\/\/libros.canals.de\/index.php?rest_route=%2Fwp%2Fv2%2Ftags&post=194"}],"curies":[{"name":"wp","href":"https:\/\/api.w.org\/{rel}","templated":true}]}}