{"id":1899,"date":"2023-12-08T15:50:34","date_gmt":"2023-12-08T14:50:34","guid":{"rendered":"http:\/\/libros.canals.de\/?p=1899"},"modified":"2023-12-08T15:50:55","modified_gmt":"2023-12-08T14:50:55","slug":"sobre-la-losa-fred-vargas","status":"publish","type":"post","link":"http:\/\/libros.canals.de\/?p=1899","title":{"rendered":"Sobre la losa, Fred Vargas"},"content":{"rendered":"<p><a href=\"http:\/\/libros.canals.de\/wp-content\/uploads\/2023\/12\/9788419744791.jpg\"><img loading=\"lazy\" src=\"http:\/\/libros.canals.de\/wp-content\/uploads\/2023\/12\/9788419744791-198x300.jpg\" alt=\"\" width=\"99\" height=\"150\" class=\"alignnone size-medium wp-image-1900\" srcset=\"http:\/\/libros.canals.de\/wp-content\/uploads\/2023\/12\/9788419744791-198x300.jpg 198w, http:\/\/libros.canals.de\/wp-content\/uploads\/2023\/12\/9788419744791.jpg 552w\" sizes=\"(max-width: 99px) 100vw, 99px\" \/><\/a><br \/>\nSeis a\u00f1os despu\u00e9s de la aparici\u00f3n de la \u00faltima entrega de la saga de novela negra en torno al comisario Adamsberg, y tras una \u00e9poca en la que las publicaciones de la autora francesa se centraran en otros temas, como el cambio clim\u00e1tico y la pandemia, Fred Vargas nos deleita con una nueva novela en torno a la comisar\u00eda disfuncional con sus originales personajes.<br \/>\nEn pocas palabras: la novela repite la f\u00f3rmula de \u00e9xito de las obras anteriores, con una trama s\u00f3lida, elementos culturales como una leyenda bretona en torno a un cojo, un sucesor del famoso escritor rom\u00e1ntico Fran\u00e7ois-Ren\u00e9 de Chateaubriand y una banda de delincuentes cuyo origen se remonta a la \u00e9poca del colegio de su cabecilla.<br \/>\nComo de costumbre, Adamberg asume la investigaci\u00f3n con una cierta indolencia, que se va conviertiendo en peligrosa a medida que los asesinos (o bien unos asesinos) lo colocan en el punto de mira. Junto a Adamberg volvemos a disfrutar de las andanzas de Violette Retancourt, una polic\u00eda con una pegada de peso pesado, de Mercadet, que sufre de hipersomnia y, en un segundo plano, Danglard, Froissy etc.<br \/>\nLa intriga, que en otras novelas de la misma saga no ocupa el primer lugar, va adquiriendo protagonismo a medida que se suceden los asesinatos y las amenazas, de modo que no queda m\u00e1s remedio que esperar a las \u00faltimas p\u00e1ginas para averiguar, junto con Adamsberg, qui\u00e9n es el asesino buscado, y por qu\u00e9 motivos act\u00faa.<br \/>\nUn dolmen de tres milenios de antig\u00fcedad, al que el comisario acude a esperar que la \u00abburbuja\u00bb de conocimiento llegue a \u00e9l del pantano en que se oculta, se convierte en el or\u00e1culo que ayuda a Adamsberg a desvelar al asesino, literalmente en los \u00faltimos minutos del descuento.<br \/>\nComo de costumbre, una novela excelente, aunque la f\u00f3rmula comienza a desgastarse tras once novelas, algunas de ellas rese\u00f1adas en este blog.<\/p>\n","protected":false},"excerpt":{"rendered":"<p>Seis a\u00f1os despu\u00e9s de la aparici\u00f3n de la \u00faltima entrega de la saga de novela negra en torno al comisario Adamsberg, y tras una \u00e9poca en la que las publicaciones de la autora francesa se centraran en otros temas, como &hellip; <a href=\"http:\/\/libros.canals.de\/?p=1899\">Sigue leyendo <span class=\"meta-nav\">&rarr;<\/span><\/a><\/p>\n","protected":false},"author":2,"featured_media":0,"comment_status":"open","ping_status":"closed","sticky":false,"template":"","format":"standard","meta":[],"categories":[3],"tags":[169],"_links":{"self":[{"href":"http:\/\/libros.canals.de\/index.php?rest_route=\/wp\/v2\/posts\/1899"}],"collection":[{"href":"http:\/\/libros.canals.de\/index.php?rest_route=\/wp\/v2\/posts"}],"about":[{"href":"http:\/\/libros.canals.de\/index.php?rest_route=\/wp\/v2\/types\/post"}],"author":[{"embeddable":true,"href":"http:\/\/libros.canals.de\/index.php?rest_route=\/wp\/v2\/users\/2"}],"replies":[{"embeddable":true,"href":"http:\/\/libros.canals.de\/index.php?rest_route=%2Fwp%2Fv2%2Fcomments&post=1899"}],"version-history":[{"count":0,"href":"http:\/\/libros.canals.de\/index.php?rest_route=\/wp\/v2\/posts\/1899\/revisions"}],"wp:attachment":[{"href":"http:\/\/libros.canals.de\/index.php?rest_route=%2Fwp%2Fv2%2Fmedia&parent=1899"}],"wp:term":[{"taxonomy":"category","embeddable":true,"href":"http:\/\/libros.canals.de\/index.php?rest_route=%2Fwp%2Fv2%2Fcategories&post=1899"},{"taxonomy":"post_tag","embeddable":true,"href":"http:\/\/libros.canals.de\/index.php?rest_route=%2Fwp%2Fv2%2Ftags&post=1899"}],"curies":[{"name":"wp","href":"https:\/\/api.w.org\/{rel}","templated":true}]}}