{"id":1881,"date":"2023-11-10T17:04:34","date_gmt":"2023-11-10T16:04:34","guid":{"rendered":"http:\/\/libros.canals.de\/?p=1881"},"modified":"2023-11-10T17:04:34","modified_gmt":"2023-11-10T16:04:34","slug":"libre-el-desafio-de-crecer-en-el-fin-de-la-historia-lea-ypi","status":"publish","type":"post","link":"http:\/\/libros.canals.de\/?p=1881","title":{"rendered":"Libre. El desaf\u00edo de crecer en el fin de la historia, Lea Ypi"},"content":{"rendered":"<p><a href=\"http:\/\/libros.canals.de\/wp-content\/uploads\/2023\/11\/492aa4781e985a6c5ed809829d85c41c4c74cdbe-scaled-e1686044783722-q7k4i2yg220pet4zt3bvjizydhvkvgq9pi9dhumq68.jpeg\"><img loading=\"lazy\" src=\"http:\/\/libros.canals.de\/wp-content\/uploads\/2023\/11\/492aa4781e985a6c5ed809829d85c41c4c74cdbe-scaled-e1686044783722-q7k4i2yg220pet4zt3bvjizydhvkvgq9pi9dhumq68-191x300.jpeg\" alt=\"\" width=\"95\" height=\"150\" class=\"alignnone size-medium wp-image-1882\" srcset=\"http:\/\/libros.canals.de\/wp-content\/uploads\/2023\/11\/492aa4781e985a6c5ed809829d85c41c4c74cdbe-scaled-e1686044783722-q7k4i2yg220pet4zt3bvjizydhvkvgq9pi9dhumq68-191x300.jpeg 191w, http:\/\/libros.canals.de\/wp-content\/uploads\/2023\/11\/492aa4781e985a6c5ed809829d85c41c4c74cdbe-scaled-e1686044783722-q7k4i2yg220pet4zt3bvjizydhvkvgq9pi9dhumq68.jpeg 284w\" sizes=\"(max-width: 95px) 100vw, 95px\" \/><\/a><br \/>\nAlbania, pa\u00eds con una larga conciencia e historia, a pesar de haber existido casi siempre bajo el poder de diversas potencias, tanto europeas como asi\u00e1ticas, es pr\u00e1cticamente una entidad desconocida fuera de sus fronteras. Esto se debe, entre otros, al hermetismo en que se encerr\u00f3 tras romper sus alianzas con Rusia y China a lo largo del siglo XX. \u00daltimo reducto de la dictadura comunista, instaurada por Enver Hoxha, conocido en el pa\u00eds bajo el nombre de \u00abt\u00edo Enver\u00bb, experiment\u00f3 dos transiciones profundas y dolorosas en 1990, con las primeras elecciones, y en 1997, con una sangrienta guerra civil.<br \/>\nLa autora relata precisamente ese tiempo, antes y despu\u00e9s de la ca\u00edda del comunismo. De ferviente partidaria del socialismo, a pesar de la escasez y la falta de libertad que experimenta ya desde muy joven, a espectadora de la mutaci\u00f3n pol\u00edtica y social de su pa\u00eds.<br \/>\nEn la narraci\u00f3n aparecen sus padres y su abuela paterna, parientes y vecinos y, cada vez con m\u00e1s peso, las observaciones y reflexiones de la joven adolescente, que m\u00e1s tarde se convertir\u00eda en profesora de filosof\u00eda en Inglaterra.<br \/>\nLa autora no deja claro hasta qu\u00e9 punto el libro es estrictamente autobiogr\u00e1fico o contiene elementos de ficci\u00f3n. En cualquier caso, resulta interesante como testimonio, como introducci\u00f3n en un pa\u00eds que puede tomarse como ejemplo para otras historias similares y como reflexi\u00f3n sobre el fracaso de las ideolog\u00edas. El nombre del libro, Libre, no se deriva necesariamente de la narraci\u00f3n, aunque impregna todas las aspiraciones de sus protagonistas.<br \/>\nRecomendable.<\/p>\n","protected":false},"excerpt":{"rendered":"<p>Albania, pa\u00eds con una larga conciencia e historia, a pesar de haber existido casi siempre bajo el poder de diversas potencias, tanto europeas como asi\u00e1ticas, es pr\u00e1cticamente una entidad desconocida fuera de sus fronteras. Esto se debe, entre otros, al &hellip; <a href=\"http:\/\/libros.canals.de\/?p=1881\">Sigue leyendo <span class=\"meta-nav\">&rarr;<\/span><\/a><\/p>\n","protected":false},"author":2,"featured_media":0,"comment_status":"open","ping_status":"closed","sticky":false,"template":"","format":"standard","meta":[],"categories":[51,3],"tags":[282],"_links":{"self":[{"href":"http:\/\/libros.canals.de\/index.php?rest_route=\/wp\/v2\/posts\/1881"}],"collection":[{"href":"http:\/\/libros.canals.de\/index.php?rest_route=\/wp\/v2\/posts"}],"about":[{"href":"http:\/\/libros.canals.de\/index.php?rest_route=\/wp\/v2\/types\/post"}],"author":[{"embeddable":true,"href":"http:\/\/libros.canals.de\/index.php?rest_route=\/wp\/v2\/users\/2"}],"replies":[{"embeddable":true,"href":"http:\/\/libros.canals.de\/index.php?rest_route=%2Fwp%2Fv2%2Fcomments&post=1881"}],"version-history":[{"count":0,"href":"http:\/\/libros.canals.de\/index.php?rest_route=\/wp\/v2\/posts\/1881\/revisions"}],"wp:attachment":[{"href":"http:\/\/libros.canals.de\/index.php?rest_route=%2Fwp%2Fv2%2Fmedia&parent=1881"}],"wp:term":[{"taxonomy":"category","embeddable":true,"href":"http:\/\/libros.canals.de\/index.php?rest_route=%2Fwp%2Fv2%2Fcategories&post=1881"},{"taxonomy":"post_tag","embeddable":true,"href":"http:\/\/libros.canals.de\/index.php?rest_route=%2Fwp%2Fv2%2Ftags&post=1881"}],"curies":[{"name":"wp","href":"https:\/\/api.w.org\/{rel}","templated":true}]}}