{"id":1520,"date":"2022-05-11T09:41:28","date_gmt":"2022-05-11T08:41:28","guid":{"rendered":"http:\/\/libros.canals.de\/?p=1520"},"modified":"2022-05-11T09:44:17","modified_gmt":"2022-05-11T08:44:17","slug":"la-marca-del-asesino-daniel-silva","status":"publish","type":"post","link":"http:\/\/libros.canals.de\/?p=1520","title":{"rendered":"La marca del asesino, Daniel Silva"},"content":{"rendered":"<p><a href=\"http:\/\/libros.canals.de\/wp-content\/uploads\/2022\/05\/la-marca-del-asesino-33610.jpg\"><img loading=\"lazy\" src=\"http:\/\/libros.canals.de\/wp-content\/uploads\/2022\/05\/la-marca-del-asesino-33610.jpg\" alt=\"\" width=\"98\" height=\"150\" class=\"alignnone size-full wp-image-1521\" \/><\/a><br \/>\nPoco antes de las elecciones presidenciales en Estados Unidos, un atentado reivindicado por la oscura organizaci\u00f3n islamista Espada de Gaza deja sin vida a todos los pasajeros de un avi\u00f3n comercial en ruta de Nueva York a Londres. El arma utilizada es un misil Stinger. El presidente y candidato republicano reacciona con misiones de castigo a los campos de entrenamiento y anuncia un programa de defensa antimisiles, del que se beneficiar\u00eda una conocida empresa de armamento.<br \/>\nEl supuesto autor, miembro de la organizaci\u00f3n terrorista, aparece asesinado con tres tiros en la cara en una ballenera flotando en el Atl\u00e1ntico, junto a la vaina de disparo del misil. Michael Osbourne, antiguo agente secreto de campo y ahora encerrado en las oficinas de la CIA, se propone identificar a la organizaci\u00f3n que se esconde  tras el autor material y encontrar al asesino que deja su tr\u00e1gica marca en la cara de sus v\u00edctimas. Esta tarea lo lleva a situaciones peligrosas, tambi\u00e9n para su familia y sus amigos, sin saber exactamente en qui\u00e9n puede confiar dentro de su agencia.<br \/>\nUna periodista, que cree conocer las implicaciones pol\u00edticas de la empresa de armamento, de un conocido abogado y de la mujer del presidente, prepara un art\u00edculo acusando al mandatario de financiaci\u00f3n indebida de sus campa\u00f1as.<br \/>\nUna oscura organizaci\u00f3n, formada por importantes personalidades de la pol\u00edtica, la econom\u00eda y el crimen organizado, se re\u00fane peri\u00f3dicamente y encarga a un asesino a sueldo regularizar una situaci\u00f3n que tiende a escap\u00e1rsele de las manos.<br \/>\nComo es habitual en las obras de Silva, abundan las descripciones detalladas de lugares y circunstancias, sin que ello ralentice desagradablemente la narraci\u00f3n. Para m\u00ed, Daniel Silva es uno de los mejores escritores de novelas de intriga pol\u00edtica y acci\u00f3n en la actualidad. Creo que hace bien en retrasar el paso de sus obras al cine o, lo que ser\u00eda peor, a una serie de Netflix o de Amazon. <\/p>\n","protected":false},"excerpt":{"rendered":"<p>Poco antes de las elecciones presidenciales en Estados Unidos, un atentado reivindicado por la oscura organizaci\u00f3n islamista Espada de Gaza deja sin vida a todos los pasajeros de un avi\u00f3n comercial en ruta de Nueva York a Londres. El arma &hellip; <a href=\"http:\/\/libros.canals.de\/?p=1520\">Sigue leyendo <span class=\"meta-nav\">&rarr;<\/span><\/a><\/p>\n","protected":false},"author":2,"featured_media":0,"comment_status":"open","ping_status":"closed","sticky":false,"template":"","format":"standard","meta":[],"categories":[3],"tags":[185],"_links":{"self":[{"href":"http:\/\/libros.canals.de\/index.php?rest_route=\/wp\/v2\/posts\/1520"}],"collection":[{"href":"http:\/\/libros.canals.de\/index.php?rest_route=\/wp\/v2\/posts"}],"about":[{"href":"http:\/\/libros.canals.de\/index.php?rest_route=\/wp\/v2\/types\/post"}],"author":[{"embeddable":true,"href":"http:\/\/libros.canals.de\/index.php?rest_route=\/wp\/v2\/users\/2"}],"replies":[{"embeddable":true,"href":"http:\/\/libros.canals.de\/index.php?rest_route=%2Fwp%2Fv2%2Fcomments&post=1520"}],"version-history":[{"count":0,"href":"http:\/\/libros.canals.de\/index.php?rest_route=\/wp\/v2\/posts\/1520\/revisions"}],"wp:attachment":[{"href":"http:\/\/libros.canals.de\/index.php?rest_route=%2Fwp%2Fv2%2Fmedia&parent=1520"}],"wp:term":[{"taxonomy":"category","embeddable":true,"href":"http:\/\/libros.canals.de\/index.php?rest_route=%2Fwp%2Fv2%2Fcategories&post=1520"},{"taxonomy":"post_tag","embeddable":true,"href":"http:\/\/libros.canals.de\/index.php?rest_route=%2Fwp%2Fv2%2Ftags&post=1520"}],"curies":[{"name":"wp","href":"https:\/\/api.w.org\/{rel}","templated":true}]}}