{"id":149,"date":"2011-09-29T09:14:58","date_gmt":"2011-09-29T08:14:58","guid":{"rendered":"http:\/\/libros.canals.de\/?p=149"},"modified":"2011-09-29T09:14:58","modified_gmt":"2011-09-29T08:14:58","slug":"la-ladrona-de-libros-markus-zusak","status":"publish","type":"post","link":"http:\/\/libros.canals.de\/?p=149","title":{"rendered":"La ladrona de libros, Markus Zusak"},"content":{"rendered":"<p>Viviendo en Alemania, los libros que tratan del tercer Reich y de la segunda guerra mundial corren el mismo peligro que los libros sobre la guerra civil en Espa\u00f1a: existe una gran saturaci\u00f3n en el mercado. La ventaja al hablar de los nazis es que no hay riesgo de herir susceptibilidades. Aqu\u00ed est\u00e1 claro qui\u00e9nes son los buenos y los malos.<\/p>\n<p>Las seis millones de v\u00edctimas civiles en Alemania y las zonas ocupadas por la Alemania de Hitler son seis millones de historias individuales, tr\u00e1gicas, que merecen respeto. Y muchas de ellas merecen tambi\u00e9n ser contadas. En este libro aparece como figura secundaria pero decisiva para la trama Max Vandenburg, un boxeador jud\u00edo que, despu\u00e9s de permanecer oculto durante unos a\u00f1os, es internado en el campo de concentraci\u00f3n de Dachau junto a M\u00fanich y sobrevive los \u00faltimos meses de la guerra hasta el rescate por los americanos.<\/p>\n<p>El personaje principal es Liesel Memminger, hija de padres comunistas que es acogida en un pueblo ficticio cercano a M\u00fanich por el matrimonio Hubermann, Hans y Rosa. Liesel es una ni\u00f1a muy sensible que, a medida que aprende a leer, va apreciando la importancia que tienen las palabras: tanto en las relaciones mutuas como en la propaganda pol\u00edtica. El narrador, que adquiere importancia al comienzo y al final del libro, desapareciendo en un segundo t\u00e9rmino durante el resto, es la muerte, muy ocupada durante los a\u00f1os de la gran contienda.<\/p>\n<p>El libro no carece de t\u00f3picos, casi inevitables al hablar de este tema procesando recuerdos de seres queridos. Refleja bien el ambiente de miedo, de odio y de resignaci\u00f3n de los a\u00f1os de la guerra, con sus alistamientos forzosos, los bombardeos, la propaganda, las juventudes hitlerianas&#8230;<\/p>\n<p>La traducci\u00f3n al espa\u00f1ol conserva los t\u00e9rminos alemanes o medio alemanes del original ingl\u00e9s, como Saukerl o \u00abheilhitleriar\u00bb lo que da un toque divertido al lenguaje.<\/p>\n","protected":false},"excerpt":{"rendered":"<p>Viviendo en Alemania, los libros que tratan del tercer Reich y de la segunda guerra mundial corren el mismo peligro que los libros sobre la guerra civil en Espa\u00f1a: existe una gran saturaci\u00f3n en el mercado. La ventaja al hablar &hellip; <a href=\"http:\/\/libros.canals.de\/?p=149\">Sigue leyendo <span class=\"meta-nav\">&rarr;<\/span><\/a><\/p>\n","protected":false},"author":2,"featured_media":0,"comment_status":"open","ping_status":"open","sticky":false,"template":"","format":"standard","meta":[],"categories":[3],"tags":[53],"_links":{"self":[{"href":"http:\/\/libros.canals.de\/index.php?rest_route=\/wp\/v2\/posts\/149"}],"collection":[{"href":"http:\/\/libros.canals.de\/index.php?rest_route=\/wp\/v2\/posts"}],"about":[{"href":"http:\/\/libros.canals.de\/index.php?rest_route=\/wp\/v2\/types\/post"}],"author":[{"embeddable":true,"href":"http:\/\/libros.canals.de\/index.php?rest_route=\/wp\/v2\/users\/2"}],"replies":[{"embeddable":true,"href":"http:\/\/libros.canals.de\/index.php?rest_route=%2Fwp%2Fv2%2Fcomments&post=149"}],"version-history":[{"count":0,"href":"http:\/\/libros.canals.de\/index.php?rest_route=\/wp\/v2\/posts\/149\/revisions"}],"wp:attachment":[{"href":"http:\/\/libros.canals.de\/index.php?rest_route=%2Fwp%2Fv2%2Fmedia&parent=149"}],"wp:term":[{"taxonomy":"category","embeddable":true,"href":"http:\/\/libros.canals.de\/index.php?rest_route=%2Fwp%2Fv2%2Fcategories&post=149"},{"taxonomy":"post_tag","embeddable":true,"href":"http:\/\/libros.canals.de\/index.php?rest_route=%2Fwp%2Fv2%2Ftags&post=149"}],"curies":[{"name":"wp","href":"https:\/\/api.w.org\/{rel}","templated":true}]}}