{"id":147,"date":"2011-09-11T11:44:00","date_gmt":"2011-09-11T10:44:00","guid":{"rendered":"http:\/\/libros.canals.de\/?p=147"},"modified":"2011-09-11T11:44:00","modified_gmt":"2011-09-11T10:44:00","slug":"las-cruzadas-vistas-por-los-arabes-amin-maalouf","status":"publish","type":"post","link":"http:\/\/libros.canals.de\/?p=147","title":{"rendered":"Las cruzadas vistas por los \u00e1rabes, Amin Maalouf"},"content":{"rendered":"<p>Interesante libro que relata la cr\u00f3nica de las cruzadas utilizando exclusivamente material \u00e1rabe.<\/p>\n<p>Centrado en los 1.200 a\u00f1os que van desde 1.096 hasta 1.291, combina citas de documentos originales de la \u00e9poca con una descripci\u00f3n sencilla de los acontecimientos de aquellos a\u00f1os. A pesar del gran n\u00famero de personajes, reinos y ciudades\u00a0que se mencionan, el libro es f\u00e1cil de seguir. Los dos planos adjuntos al final facilitan la orientaci\u00f3n del lector.<\/p>\n<p>L\u00f3gicamente, el libro destaca a los personajes del mundo \u00e1rabe y oriental, incluyendo al m\u00edtico Saladino y a los sucesores del Gengis Khan. Los \u00abfrany\u00bb, es decir, los francos y dem\u00e1s cruzados que acudieron a Tierra Santa con la espada en la mano y la cruz en la casaca suelen aparecer algo desdibujados, algo comprensible en cualquier libro de historia que describa a los \u00abenemigos\u00bb.<\/p>\n<p>En cualquier caso es un libro muy interesante, que completa con facetas poco conocidas esta interesante \u00e9poca de la Edad Media.<\/p>\n","protected":false},"excerpt":{"rendered":"<p>Interesante libro que relata la cr\u00f3nica de las cruzadas utilizando exclusivamente material \u00e1rabe. Centrado en los 1.200 a\u00f1os que van desde 1.096 hasta 1.291, combina citas de documentos originales de la \u00e9poca con una descripci\u00f3n sencilla de los acontecimientos de &hellip; <a href=\"http:\/\/libros.canals.de\/?p=147\">Sigue leyendo <span class=\"meta-nav\">&rarr;<\/span><\/a><\/p>\n","protected":false},"author":2,"featured_media":0,"comment_status":"open","ping_status":"open","sticky":false,"template":"","format":"standard","meta":[],"categories":[51],"tags":[52],"_links":{"self":[{"href":"http:\/\/libros.canals.de\/index.php?rest_route=\/wp\/v2\/posts\/147"}],"collection":[{"href":"http:\/\/libros.canals.de\/index.php?rest_route=\/wp\/v2\/posts"}],"about":[{"href":"http:\/\/libros.canals.de\/index.php?rest_route=\/wp\/v2\/types\/post"}],"author":[{"embeddable":true,"href":"http:\/\/libros.canals.de\/index.php?rest_route=\/wp\/v2\/users\/2"}],"replies":[{"embeddable":true,"href":"http:\/\/libros.canals.de\/index.php?rest_route=%2Fwp%2Fv2%2Fcomments&post=147"}],"version-history":[{"count":0,"href":"http:\/\/libros.canals.de\/index.php?rest_route=\/wp\/v2\/posts\/147\/revisions"}],"wp:attachment":[{"href":"http:\/\/libros.canals.de\/index.php?rest_route=%2Fwp%2Fv2%2Fmedia&parent=147"}],"wp:term":[{"taxonomy":"category","embeddable":true,"href":"http:\/\/libros.canals.de\/index.php?rest_route=%2Fwp%2Fv2%2Fcategories&post=147"},{"taxonomy":"post_tag","embeddable":true,"href":"http:\/\/libros.canals.de\/index.php?rest_route=%2Fwp%2Fv2%2Ftags&post=147"}],"curies":[{"name":"wp","href":"https:\/\/api.w.org\/{rel}","templated":true}]}}