{"id":1379,"date":"2021-09-27T08:56:26","date_gmt":"2021-09-27T07:56:26","guid":{"rendered":"http:\/\/libros.canals.de\/?p=1379"},"modified":"2021-09-27T09:01:15","modified_gmt":"2021-09-27T08:01:15","slug":"los-vencejos-fernando-aramburu","status":"publish","type":"post","link":"http:\/\/libros.canals.de\/?p=1379","title":{"rendered":"Los vencejos, Fernando Aramburu"},"content":{"rendered":"<p><a href=\"http:\/\/libros.canals.de\/wp-content\/uploads\/2021\/09\/los-vencejos-105895.jpg\"><img loading=\"lazy\" src=\"http:\/\/libros.canals.de\/wp-content\/uploads\/2021\/09\/los-vencejos-105895.jpg\" alt=\"\" width=\"60\" height=\"91\" class=\"alignnone size-full wp-image-1380\" \/><\/a><br \/>\nAntes de empezar a leer este libro, ambicioso por su extensi\u00f3n, le\u00ed algunas cr\u00edticas y vi un v\u00eddeo con una entrevista al autor en ETB. Tengo que decir que, a toro pasado, la mayor\u00eda de las cr\u00edticas me parecen poco acertadas. Dir\u00eda que algunos de sus autores no han le\u00eddo el libro. La entrevista s\u00ed que refleja al autor de esta obra. El argumento es bien sencillo: Toni, un profesor de filosof\u00eda de instituto de 54 a\u00f1os, decide quitarse la vida el 31 de julio del a\u00f1o siguiente. Como preparativo y quiz\u00e1, como aliciente y confirmaci\u00f3n de su intenci\u00f3n, escribe un diario en el que va recogiendo algunos sucesos de ese periodo \u2014los m\u00e1s relevantes pueden ser la muerte de su madre y su sobrina, y su reencuentro con una antigua novia\u2014 y a\u00f1ade consideraciones propias de otros, en parte las que ha ido coleccionando en una agenda.<br \/>\nLa prosa es moderna, correcta y \u00e1gil, la duraci\u00f3n de los cap\u00edtulos-diarios acertada, y la narraci\u00f3n coherente de comienzo a fin. Es un libro, por tanto, trabajado. Pero el personaje es sumamente antip\u00e1tico, mis\u00f3gino y, en l\u00edneas generales, poco atractivo. No creo que nadie quiera identificarse con \u00e9l, y dudo que alguien as\u00ed pueda existir de verdad. El m\u00e9todo cumulativo, con unos 365 cap\u00edtulos breves, va dejando borrones puntillistas que componen una imagen en s\u00ed coherente, pero irreal. Excesivo es el derroche de inhumanidad de Toni. Soy consciente de que, si Toni viviera de verdad y leyera estas l\u00edneas, responder\u00eda: \u00bfy a ti qui\u00e9n te manda leer lo que yo he escrito?.<br \/>\nMe manda el autor, que escribi\u00f3 un libro memorable sobre un fen\u00f3meno que ha marcado entre otros el Siglo XX en Espa\u00f1a, y que sigue dando coleadas. A diferencia de libros largos de otros autores que tampoco me han gustado, en este caso no he tenido la tentaci\u00f3n de dejarlo, a pesar de algunos tramos s\u00f3rdidos y en parte rid\u00edculos. A Aramburu le sobra oficio, y es de esperar que el libro tenga un cierto \u00e9xito.<br \/>\nPero espero m\u00e1s bien que encuentre otro tema m\u00e1s real, m\u00e1s cercano a los lectores.<\/p>\n","protected":false},"excerpt":{"rendered":"<p>Antes de empezar a leer este libro, ambicioso por su extensi\u00f3n, le\u00ed algunas cr\u00edticas y vi un v\u00eddeo con una entrevista al autor en ETB. Tengo que decir que, a toro pasado, la mayor\u00eda de las cr\u00edticas me parecen poco &hellip; <a href=\"http:\/\/libros.canals.de\/?p=1379\">Sigue leyendo <span class=\"meta-nav\">&rarr;<\/span><\/a><\/p>\n","protected":false},"author":2,"featured_media":0,"comment_status":"open","ping_status":"closed","sticky":false,"template":"","format":"standard","meta":[],"categories":[3],"tags":[83],"_links":{"self":[{"href":"http:\/\/libros.canals.de\/index.php?rest_route=\/wp\/v2\/posts\/1379"}],"collection":[{"href":"http:\/\/libros.canals.de\/index.php?rest_route=\/wp\/v2\/posts"}],"about":[{"href":"http:\/\/libros.canals.de\/index.php?rest_route=\/wp\/v2\/types\/post"}],"author":[{"embeddable":true,"href":"http:\/\/libros.canals.de\/index.php?rest_route=\/wp\/v2\/users\/2"}],"replies":[{"embeddable":true,"href":"http:\/\/libros.canals.de\/index.php?rest_route=%2Fwp%2Fv2%2Fcomments&post=1379"}],"version-history":[{"count":0,"href":"http:\/\/libros.canals.de\/index.php?rest_route=\/wp\/v2\/posts\/1379\/revisions"}],"wp:attachment":[{"href":"http:\/\/libros.canals.de\/index.php?rest_route=%2Fwp%2Fv2%2Fmedia&parent=1379"}],"wp:term":[{"taxonomy":"category","embeddable":true,"href":"http:\/\/libros.canals.de\/index.php?rest_route=%2Fwp%2Fv2%2Fcategories&post=1379"},{"taxonomy":"post_tag","embeddable":true,"href":"http:\/\/libros.canals.de\/index.php?rest_route=%2Fwp%2Fv2%2Ftags&post=1379"}],"curies":[{"name":"wp","href":"https:\/\/api.w.org\/{rel}","templated":true}]}}