{"id":1331,"date":"2021-05-05T16:01:11","date_gmt":"2021-05-05T15:01:11","guid":{"rendered":"http:\/\/libros.canals.de\/?p=1331"},"modified":"2021-05-05T16:01:11","modified_gmt":"2021-05-05T15:01:11","slug":"carretera-intermedia-mercedes-salisachs","status":"publish","type":"post","link":"http:\/\/libros.canals.de\/?p=1331","title":{"rendered":"Carretera intermedia, Mercedes Salisachs"},"content":{"rendered":"<p><a href=\"http:\/\/libros.canals.de\/wp-content\/uploads\/2021\/05\/31qb99ebAPL._BO1204203200_.jpg\"><img loading=\"lazy\" src=\"http:\/\/libros.canals.de\/wp-content\/uploads\/2021\/05\/31qb99ebAPL._BO1204203200_.jpg\" alt=\"\" width=\"95\" height=\"150\" class=\"alignnone size-full wp-image-1332\" \/><\/a><br \/>\nEsta novela, escrita en el a\u00f1o 1956, resulta asombrosamente moderna por su planteamiento y su desarrollo. Trata de Bibiana, una mujer en tratamiento psiqui\u00e1trico tras la muerte de su hija y el divorcio de su marido, que acude a Montecarlo enviada por su m\u00e9dico para cambiar de aires y tratar de vencer los fantasmas que la atenazan. Su primer encuentro con el m\u00e9dico, el doctor Teran, despierta en ambos sentimientos inesperados, que luchan por rechazar. Durante el fin de semana, estos sentimientos se afianzan y apuntan a un desenlace que parece inevitable.<br \/>\nEn paralelo a las largas conversaciones de ambos asistimos a una segunda trama, protagonizada por Odette, la mujer de Teran, y su asistente Charles, con intervenci\u00f3n de la madre de Odette en Par\u00eds y otros personajes.<br \/>\nSalisachs crea un ambiente de gran intensidad con las conversaciones que describe entre los personajes, siempre con el Mediterr\u00e1neo como tel\u00f3n de fondo. La \u00e9tica profesional, la fidelidad, la amistad, los celos y la fe asumen tambi\u00e9n un papel esencial en una novela triste, pero de alg\u00fan modo esperanzadora.<br \/>\nOtra novela excelente de esta autora.    <\/p>\n","protected":false},"excerpt":{"rendered":"<p>Esta novela, escrita en el a\u00f1o 1956, resulta asombrosamente moderna por su planteamiento y su desarrollo. Trata de Bibiana, una mujer en tratamiento psiqui\u00e1trico tras la muerte de su hija y el divorcio de su marido, que acude a Montecarlo &hellip; <a href=\"http:\/\/libros.canals.de\/?p=1331\">Sigue leyendo <span class=\"meta-nav\">&rarr;<\/span><\/a><\/p>\n","protected":false},"author":2,"featured_media":0,"comment_status":"open","ping_status":"closed","sticky":false,"template":"","format":"standard","meta":[],"categories":[3],"tags":[8],"_links":{"self":[{"href":"http:\/\/libros.canals.de\/index.php?rest_route=\/wp\/v2\/posts\/1331"}],"collection":[{"href":"http:\/\/libros.canals.de\/index.php?rest_route=\/wp\/v2\/posts"}],"about":[{"href":"http:\/\/libros.canals.de\/index.php?rest_route=\/wp\/v2\/types\/post"}],"author":[{"embeddable":true,"href":"http:\/\/libros.canals.de\/index.php?rest_route=\/wp\/v2\/users\/2"}],"replies":[{"embeddable":true,"href":"http:\/\/libros.canals.de\/index.php?rest_route=%2Fwp%2Fv2%2Fcomments&post=1331"}],"version-history":[{"count":0,"href":"http:\/\/libros.canals.de\/index.php?rest_route=\/wp\/v2\/posts\/1331\/revisions"}],"wp:attachment":[{"href":"http:\/\/libros.canals.de\/index.php?rest_route=%2Fwp%2Fv2%2Fmedia&parent=1331"}],"wp:term":[{"taxonomy":"category","embeddable":true,"href":"http:\/\/libros.canals.de\/index.php?rest_route=%2Fwp%2Fv2%2Fcategories&post=1331"},{"taxonomy":"post_tag","embeddable":true,"href":"http:\/\/libros.canals.de\/index.php?rest_route=%2Fwp%2Fv2%2Ftags&post=1331"}],"curies":[{"name":"wp","href":"https:\/\/api.w.org\/{rel}","templated":true}]}}