{"id":1103,"date":"2020-02-28T11:39:09","date_gmt":"2020-02-28T10:39:09","guid":{"rendered":"http:\/\/libros.canals.de\/?p=1103"},"modified":"2020-02-28T11:39:09","modified_gmt":"2020-02-28T10:39:09","slug":"el-verano-de-antes-de-la-guerra-helen-simonson","status":"publish","type":"post","link":"http:\/\/libros.canals.de\/?p=1103","title":{"rendered":"El verano de antes de la guerra, Helen Simonson"},"content":{"rendered":"<p><a href=\"http:\/\/libros.canals.de\/wp-content\/uploads\/2020\/02\/ESL90759.jpg\"><img loading=\"lazy\" src=\"http:\/\/libros.canals.de\/wp-content\/uploads\/2020\/02\/ESL90759-195x300.jpg\" alt=\"\" width=\"98\" height=\"150\" class=\"alignnone size-medium wp-image-1104\" srcset=\"http:\/\/libros.canals.de\/wp-content\/uploads\/2020\/02\/ESL90759-195x300.jpg 195w, http:\/\/libros.canals.de\/wp-content\/uploads\/2020\/02\/ESL90759.jpg 200w\" sizes=\"(max-width: 98px) 100vw, 98px\" \/><\/a><br \/>\nComo bien define el t\u00edtulo del libro, Simonson describe la vida en una sociedad id\u00edlica antes y durante los primeros meses de uno de los acontecimientos m\u00e1s dram\u00e1ticos que ha experimentado Europa en el pasado reciente, la Primera Guerra Mundial. Muy en el estilo de la novela victoriana, Simonson narra con profusi\u00f3n de detalles la vida de algunos habitantes de Rye, una ciudad costera de Sussex, al sur de Londres. Beatrice Nash es una joven maestra, que acaba de perder a su padre, al que acompa\u00f1\u00f3 en los \u00faltimos a\u00f1os, y que anhela independizarse de su entorno y emprender una nueva vida. Llega a Rye para dar clases de lat\u00edn y conoce as\u00ed a las personas m\u00e1s importantes de la ciudad, entre ellas a la familia de John y Agatha Kent, con sus sobrinos Daniel y Hugh.<br \/>\nEl inicio de la guerra en el continente origina la llegada de refugiados belgas, que la ciudad acoge con generosidad. Muy pronto, la guerra empieza a hacerse omnipresente en la ciudad, con iniciativas de defensa, con campa\u00f1as de reclutamiento, con escaseces y con un revivir de ideas patri\u00f3ticas. Las relaciones dentro de las familias y con otras personas adquieren con la guerra y sus inevitables consecuencias nuevos carices, abriendo nuevas heridas y resta\u00f1ando otras antiguas. La novela narra en un tono reposado, que se acelera algo en las escenas finales en el frente y en un nost\u00e1lgico ep\u00edlogo.<br \/>\nNovela bien escrita, serena y humana.<\/p>\n","protected":false},"excerpt":{"rendered":"<p>Como bien define el t\u00edtulo del libro, Simonson describe la vida en una sociedad id\u00edlica antes y durante los primeros meses de uno de los acontecimientos m\u00e1s dram\u00e1ticos que ha experimentado Europa en el pasado reciente, la Primera Guerra Mundial. &hellip; <a href=\"http:\/\/libros.canals.de\/?p=1103\">Sigue leyendo <span class=\"meta-nav\">&rarr;<\/span><\/a><\/p>\n","protected":false},"author":2,"featured_media":0,"comment_status":"open","ping_status":"closed","sticky":false,"template":"","format":"standard","meta":[],"categories":[3],"tags":[198],"_links":{"self":[{"href":"http:\/\/libros.canals.de\/index.php?rest_route=\/wp\/v2\/posts\/1103"}],"collection":[{"href":"http:\/\/libros.canals.de\/index.php?rest_route=\/wp\/v2\/posts"}],"about":[{"href":"http:\/\/libros.canals.de\/index.php?rest_route=\/wp\/v2\/types\/post"}],"author":[{"embeddable":true,"href":"http:\/\/libros.canals.de\/index.php?rest_route=\/wp\/v2\/users\/2"}],"replies":[{"embeddable":true,"href":"http:\/\/libros.canals.de\/index.php?rest_route=%2Fwp%2Fv2%2Fcomments&post=1103"}],"version-history":[{"count":0,"href":"http:\/\/libros.canals.de\/index.php?rest_route=\/wp\/v2\/posts\/1103\/revisions"}],"wp:attachment":[{"href":"http:\/\/libros.canals.de\/index.php?rest_route=%2Fwp%2Fv2%2Fmedia&parent=1103"}],"wp:term":[{"taxonomy":"category","embeddable":true,"href":"http:\/\/libros.canals.de\/index.php?rest_route=%2Fwp%2Fv2%2Fcategories&post=1103"},{"taxonomy":"post_tag","embeddable":true,"href":"http:\/\/libros.canals.de\/index.php?rest_route=%2Fwp%2Fv2%2Ftags&post=1103"}],"curies":[{"name":"wp","href":"https:\/\/api.w.org\/{rel}","templated":true}]}}