{"id":1011,"date":"2019-08-29T17:26:15","date_gmt":"2019-08-29T16:26:15","guid":{"rendered":"http:\/\/libros.canals.de\/?p=1011"},"modified":"2019-08-29T17:28:15","modified_gmt":"2019-08-29T16:28:15","slug":"sabado-ian-mcewan","status":"publish","type":"post","link":"http:\/\/libros.canals.de\/?p=1011","title":{"rendered":"S\u00e1bado, Ian McEwan"},"content":{"rendered":"<p><a href=\"http:\/\/libros.canals.de\/wp-content\/uploads\/2019\/08\/sabado.jpg\"><img loading=\"lazy\" src=\"http:\/\/libros.canals.de\/wp-content\/uploads\/2019\/08\/sabado.jpg\" alt=\"\" width=\"126\" height=\"206\" class=\"alignnone size-full wp-image-1012\" \/><\/a><br \/>\nUn solo d\u00eda, pero de gran relevancia en la vida de Henry Perowne, neurocirujano y padre de familia. Comienza con un desvelo de madrugada, que le permite ver un avi\u00f3n incendiado sobrevolando Londres. En vez del temido atentado terrorista, se trata de un aterrizaje forzoso. Tras una breve conversaci\u00f3n con su hijo Theo, un prometedor m\u00fasico de blues, se acuesta de nuevo y comienza el s\u00e1bado con esperanzadores planes. Una maniobra desafortunada de otro conductor origina un peque\u00f1o accidente y conduce a un desagradable encuentro con un joven delincuente, que tiene su continuaci\u00f3n m\u00e1s adelante.<br \/>\nLa conocida prosa de McEwan, adornada con profusos relatos sobre el trabajo de Henry, la m\u00fasica de su hijo, una partida de squash y la preparaci\u00f3n de la comida, incluye las reflexiones m\u00e1s o menos conscientes del protagonista, que le llevan a tomar una importante decisi\u00f3n hacia el final del libro.<br \/>\nUna de las mejores novelas de McEwan, de gran intensidad, con unos personajes de gran peso, tanto los principales como los secundarios. Muy recomendable<\/p>\n","protected":false},"excerpt":{"rendered":"<p>Un solo d\u00eda, pero de gran relevancia en la vida de Henry Perowne, neurocirujano y padre de familia. Comienza con un desvelo de madrugada, que le permite ver un avi\u00f3n incendiado sobrevolando Londres. En vez del temido atentado terrorista, se &hellip; <a href=\"http:\/\/libros.canals.de\/?p=1011\">Sigue leyendo <span class=\"meta-nav\">&rarr;<\/span><\/a><\/p>\n","protected":false},"author":2,"featured_media":0,"comment_status":"open","ping_status":"closed","sticky":false,"template":"","format":"standard","meta":[],"categories":[3],"tags":[],"_links":{"self":[{"href":"http:\/\/libros.canals.de\/index.php?rest_route=\/wp\/v2\/posts\/1011"}],"collection":[{"href":"http:\/\/libros.canals.de\/index.php?rest_route=\/wp\/v2\/posts"}],"about":[{"href":"http:\/\/libros.canals.de\/index.php?rest_route=\/wp\/v2\/types\/post"}],"author":[{"embeddable":true,"href":"http:\/\/libros.canals.de\/index.php?rest_route=\/wp\/v2\/users\/2"}],"replies":[{"embeddable":true,"href":"http:\/\/libros.canals.de\/index.php?rest_route=%2Fwp%2Fv2%2Fcomments&post=1011"}],"version-history":[{"count":0,"href":"http:\/\/libros.canals.de\/index.php?rest_route=\/wp\/v2\/posts\/1011\/revisions"}],"wp:attachment":[{"href":"http:\/\/libros.canals.de\/index.php?rest_route=%2Fwp%2Fv2%2Fmedia&parent=1011"}],"wp:term":[{"taxonomy":"category","embeddable":true,"href":"http:\/\/libros.canals.de\/index.php?rest_route=%2Fwp%2Fv2%2Fcategories&post=1011"},{"taxonomy":"post_tag","embeddable":true,"href":"http:\/\/libros.canals.de\/index.php?rest_route=%2Fwp%2Fv2%2Ftags&post=1011"}],"curies":[{"name":"wp","href":"https:\/\/api.w.org\/{rel}","templated":true}]}}